{"id":3333,"date":"2024-07-30T17:54:03","date_gmt":"2024-07-30T17:54:03","guid":{"rendered":"https:\/\/www.caminhosdoperegrino.com.br\/blog\/?p=3333"},"modified":"2024-08-23T13:17:10","modified_gmt":"2024-08-23T13:17:10","slug":"romaria-aparecida-como-participar-e-vibrar-com-os-fieis","status":"publish","type":"post","link":"https:\/\/www.caminhosdoperegrino.com.br\/blog\/romaria-aparecida-como-participar-e-vibrar-com-os-fieis\/","title":{"rendered":"Romaria Arquidiocesana: Como Participar e Vibrar com os Fi\u00e9is"},"content":{"rendered":"\n<p><br><br>A tradi\u00e7\u00e3o da Romaria Arquidiocesana em Aparecida \u00e9 mais do que um evento; \u00e9 uma jornada repleta de f\u00e9, devo\u00e7\u00e3o e confraterniza\u00e7\u00e3o. Todos os anos, milhares de fi\u00e9is se re\u00fanem na sublime Bas\u00edlica Nacional para celebrar a for\u00e7a da espiritualidade coletiva. Se voc\u00ea deseja experimentar essa atmosfera contagiante e vibrante, est\u00e1 no lugar certo! Neste blog post, vamos gui\u00e1-lo atrav\u00e9s das melhores maneiras de participar desse encontro aben\u00e7oado, mergulhar nas emo\u00e7\u00f5es dos devotos e viver momentos inesquec\u00edveis ao lado de pessoas que compartilham a mesma f\u00e9. Voc\u00ea descobrir\u00e1 como vibrar e participar da Romaria Arquidiocesana em Aparecida: F\u00e9 e Confraterniza\u00e7\u00e3o juntamente com muitos fi\u00e9is. Prepare seu cora\u00e7\u00e3o para uma experi\u00eancia transformadora nessa romaria que une gera\u00e7\u00f5es e eleva almas! <\/p>\n\n\n\n<figure class=\"wp-block-image size-large\"><img fetchpriority=\"high\" decoding=\"async\" width=\"1024\" height=\"1024\" src=\"https:\/\/www.caminhosdoperegrino.com.br\/blog\/wp-content\/uploads\/2024\/07\/@caminhosdoperegrino.com_.br-14-1024x1024.png\" alt=\"\" class=\"wp-image-3334\" srcset=\"https:\/\/www.caminhosdoperegrino.com.br\/blog\/wp-content\/uploads\/2024\/07\/@caminhosdoperegrino.com_.br-14-1024x1024.png 1024w, https:\/\/www.caminhosdoperegrino.com.br\/blog\/wp-content\/uploads\/2024\/07\/@caminhosdoperegrino.com_.br-14-300x300.png 300w, https:\/\/www.caminhosdoperegrino.com.br\/blog\/wp-content\/uploads\/2024\/07\/@caminhosdoperegrino.com_.br-14-150x150.png 150w, https:\/\/www.caminhosdoperegrino.com.br\/blog\/wp-content\/uploads\/2024\/07\/@caminhosdoperegrino.com_.br-14-768x768.png 768w, https:\/\/www.caminhosdoperegrino.com.br\/blog\/wp-content\/uploads\/2024\/07\/@caminhosdoperegrino.com_.br-14-80x80.png 80w, https:\/\/www.caminhosdoperegrino.com.br\/blog\/wp-content\/uploads\/2024\/07\/@caminhosdoperegrino.com_.br-14.png 720w\" sizes=\"(max-width: 1024px) 100vw, 1024px\" \/><figcaption class=\"wp-element-caption\">Em 23 de novembro de 2024, o Arcebispo de Goi\u00e2nia celebrar\u00e1 a missa solene no Santu\u00e1rio Nacional de Aparecida, marcando a Romaria com profunda devo\u00e7\u00e3o. \ud83d\ude4f\u2728<\/figcaption><\/figure>\n\n\n\n<h2 class=\"wp-block-heading\"><br><br><br>O que \u00e9 Romaria Arquidiocesana?<\/h2>\n\n\n\n<p>A Romaria Arquidiocesana de Goi\u00e2nia em Aparecida \u00e9 um evento de grande import\u00e2ncia para a Igreja Cat\u00f3lica. Realizada anualmente na cidade de Aparecida, local que abriga o Santu\u00e1rio Nacional de Nossa Senhora Aparecida, a romaria re\u00fane fi\u00e9is e devotos de toda arquidiocese em uma emocionante celebra\u00e7\u00e3o.<\/p>\n\n\n\n<p>Esta tradicional manifesta\u00e7\u00e3o religiosa tem como objetivo principal honrar a padroeira do Brasil e fortalecer a f\u00e9 dos participantes. Contudo, a Romaria Arquidiocesana tamb\u00e9m \u00e9 uma oportunidade para os fi\u00e9is expressarem sua gratid\u00e3o por gra\u00e7as alcan\u00e7adas atrav\u00e9s da intercess\u00e3o de Nossa Senhora Aparecida.<\/p>\n\n\n\n<p>O evento acontecer\u00e1 no m\u00eas de novembro, em 2024 conta com sua 20\u00aa edi\u00e7\u00e3o. Milhares de pessoas se deslocam at\u00e9 Aparecida para vivenciar essa experi\u00eancia \u00fanica e especial. Ou seja, durante os dias da romaria, realizar diversas atividades religiosas, como missas, prociss\u00f5es e momentos de ora\u00e7\u00e3o faz parte da programa\u00e7\u00e3o. Dessa forma singular, o fiel consegue vibrar e participar da Romaria Arquidiocesana. <\/p>\n\n\n\n<p>Uma das maiores emo\u00e7\u00f5es \u00e9 poder ver de perto a imagem original da santa que foi encontrada por pescadores no rio Para\u00edba do Sul h\u00e1 mais de 300 anos atr\u00e1s. Essa imagem \u00e9 considerada milagrosa pelos devotos e est\u00e1 exposta para venera\u00e7\u00e3o no altar central do santu\u00e1rio. Voc\u00ea se imaginou vivenciar a Romaria Arquidiocesana em Aparecida: Participa\u00e7\u00e3o, F\u00e9 e Confraterniza\u00e7\u00e3o.<\/p>\n\n\n\n<p>Al\u00e9m das atividades religiosas, durante a Romaria Arquidiocesana tamb\u00e9m acontecem eventos culturais que complementam o clima festivo da ocasi\u00e3o. \u00c9 poss\u00edvel encontrar barracas com comidas t\u00edpicas brasileiras e objetos religiosos, al\u00e9m de apresenta\u00e7\u00f5es musicais e culturais. <\/p>\n\n\n\n<h2 class=\"wp-block-heading\">Como Participar da Romaria Arquidiocesana em Aparecida: Dicas de Reserva, Transporte e Hospedagem<\/h2>\n\n\n\n<p>Para participar da Romaria Arquidiocesana em Aparecida, \u00e9 importante estar atento \u00e0s recomenda\u00e7\u00f5es da organiza\u00e7\u00e3o do evento. \u00c9 fundamental confirmar  a reserva cedo pois as vagas s\u00e3o limitadas. <\/p>\n\n\n\n<p>\u00c9 poss\u00edvel chegar em Aparecida utilizando transporte p\u00fablico ou atrav\u00e9s de excurs\u00f5es organizadas por igrejas ou ag\u00eancias de viagens. Entretanto, para aqueles que desejam se hospedar na cidade durante a romaria, \u00e9 importante fazer reservas com anteced\u00eancia para garantir uma estadia tranquila.<br>Em resumo, a Romaria Arquidiocesana em Aparecida \u00e9 um momento \u00fanico para vibrar, participar, renovar a f\u00e9 e se conectar com Nossa Senhora Aparecida e a ag\u00eancia Caminhos do peregrino te leva para viver a essa experi\u00eancia \u00fanica de devo\u00e7\u00e3o. <a href=\"https:\/\/l.p.caminhosdoperegrino.com.br\/lp-aparecida-romaria-arquidiocese\">Quero reservar minha vaga.<\/a><\/p>\n\n\n\n<h2 class=\"wp-block-heading\">O que encontrar em Aparecida?<\/h2>\n\n\n\n<p>A cidade de Aparecida \u00e9 um local repleto de hist\u00f3ria e espiritualidade. Fundada no s\u00e9culo XVIII, ela rapidamente se tornou um centro de devo\u00e7\u00e3o devido \u00e0 apari\u00e7\u00e3o da imagem da Virgem Negra. Da mesma forma, essa descoberta transformou o pequeno povoado em um dos maiores santu\u00e1rios cat\u00f3licos do mundo.<\/p>\n\n\n\n<p>O Santu\u00e1rio Nacional de Nossa Senhora Aparecida atrai milh\u00f5es de peregrinos anualmente. As pessoas v\u00eam em busca de f\u00e9, esperan\u00e7a e gratid\u00e3o. Por fim, a constru\u00e7\u00e3o imponente do santu\u00e1rio reflete a import\u00e2ncia religiosa que a cidade conquistou ao longo dos anos.<\/p>\n\n\n\n<p>Esse ambiente acolhedor faz com que visitantes sintam-se parte dessa hist\u00f3ria viva. Em resumo, cada esquina da cidade conta uma narrativa sobre milagres e b\u00ean\u00e7\u00e3os atribu\u00eddos \u00e0 Santa Padroeira do Brasil. Assim sendo, voc\u00ea pode Vivenciar a Romaria Arquidiocesana em Aparecida: Participa\u00e7\u00e3o, F\u00e9 e Confraterniza\u00e7\u00e3o<\/p>\n\n\n\n<p>A localiza\u00e7\u00e3o privilegiada entre montanhas tamb\u00e9m proporciona aos fi\u00e9is momentos de reflex\u00e3o e conex\u00e3o com a natureza durante suas visitas. \u00c9 nesta uni\u00e3o entre f\u00e9 e beleza natural que muitos encontram renova\u00e7\u00e3o espiritual.<\/p>\n\n\n<div class=\"wp-block-image\">\n<figure class=\"aligncenter size-full\"><img decoding=\"async\" width=\"474\" height=\"355\" src=\"https:\/\/www.caminhosdoperegrino.com.br\/blog\/wp-content\/uploads\/2024\/07\/OIP-5.jpeg\" alt=\"\" class=\"wp-image-3348\" srcset=\"https:\/\/www.caminhosdoperegrino.com.br\/blog\/wp-content\/uploads\/2024\/07\/OIP-5.jpeg 474w, https:\/\/www.caminhosdoperegrino.com.br\/blog\/wp-content\/uploads\/2024\/07\/OIP-5-300x225.jpeg 300w\" sizes=\"(max-width: 474px) 100vw, 474px\" \/><figcaption class=\"wp-element-caption\">venha vibrar e participar da romaria arquidiocesana<\/figcaption><\/figure>\n<\/div>\n\n\n<h2 class=\"wp-block-heading\">Descubra as Principais Atividades da Romaria Arquidiocesana em Aparecida: Missa, Prociss\u00f5es, Arte e Cultura<\/h2>\n\n\n\n<p>Durante a Romaria Arquidiocesana em Aparecida, uma variedade de atividades e celebra\u00e7\u00f5es enriquece a experi\u00eancia dos fi\u00e9is. O ponto alto \u00e9, sem d\u00favida, a missa solene que re\u00fane milhares de peregrinos. Essa celebra\u00e7\u00e3o \u00e9 um momento de ora\u00e7\u00e3o coletiva e reflex\u00e3o profunda.<\/p>\n\n\n\n<p>Al\u00e9m da missa, h\u00e1 prociss\u00f5es que percorrem as ruas pr\u00f3ximas ao Santu\u00e1rio Nacional. Caminhar com c\u00e2nticos e ora\u00e7\u00f5es, cria um clima de devo\u00e7\u00e3o intensa. Cada passo dado representa n\u00e3o apenas uma jornada f\u00edsica, mas tamb\u00e9m espiritual.<\/p>\n\n\n\n<p>Oferecer palestras sobre temas religiosos tamb\u00e9m faz parte de atividades programadas. Dessa forma esses momentos s\u00e3o oportunidades para aprofundar conhecimentos sobre os ensinamentos crist\u00e3os.<\/p>\n\n\n\n<p>Por fim, estandes com produtos t\u00edpicos locais ajudam na promo\u00e7\u00e3o da cultura regional e oferecem del\u00edcias aos visitantes. A gastronomia \u00e9 sempre um atrativo especial nas romarias, unindo sabores \u00e0 tradi\u00e7\u00e3o religiosa vivida em Aparecida.<\/p>\n\n\n\n<h2 class=\"wp-block-heading\">Dicas Essenciais para uma Romaria Confort\u00e1vel e Significativa: O que Levar, Como Participar e Aproveitar ao M\u00e1ximo<\/h2>\n\n\n\n<p>Use roupas confort\u00e1veis e adequadas para caminhar. O trajeto pode ser longo e exige disposi\u00e7\u00e3o. Al\u00e9m disso, n\u00e3o esque\u00e7a de levar uma garrafinha de \u00e1gua para se manter hidratado ao longo do percurso.<\/p>\n\n\n\n<p>Leve tamb\u00e9m um pequeno lanche. Assim como barras de cereal ou frutas secas s\u00e3o op\u00e7\u00f5es leves que podem ajudar a repor as energias durante o dia.<\/p>\n\n\n\n<p>Ao chegar \u00e0 Bas\u00edlica, reserve um tempo para contemplar o espa\u00e7o antes das celebra\u00e7\u00f5es. Dessa forma, a atmosfera se torna \u00fanica e merece ser apreciada em sil\u00eancio.<\/p>\n\n\n\n<p>Em seguida, participe ativamente das ora\u00e7\u00f5es e c\u00e2nticos. Isso ajuda a criar uma conex\u00e3o mais profunda com os demais fi\u00e9is presentes.<\/p>\n\n\n\n<p>Por fim, fique atento \u00e0s programa\u00e7\u00f5es especiais que ocorrem durante a romaria. Elas oferecem momentos \u00fanicos de reflex\u00e3o e aprendizado sobre a f\u00e9 cat\u00f3lica.<\/p>\n\n\n\n<p>Veja outro <a href=\"https:\/\/www.caminhosdoperegrino.com.br\/blog\/planejamento-viagem\/\">post<\/a> aqui no blog como a ag\u00eancia Caminhos do peregrino pode te ajudar no planejamento de sua viagem.  <\/p>\n","protected":false},"excerpt":{"rendered":"<p>A tradi\u00e7\u00e3o da Romaria Arquidiocesana em Aparecida \u00e9 mais do que um evento; \u00e9 uma jornada repleta de f\u00e9, devo\u00e7\u00e3o e confraterniza\u00e7\u00e3o. Todos os anos, milhares de fi\u00e9is se re\u00fanem na sublime Bas\u00edlica Nacional para celebrar a for\u00e7a da espiritualidade coletiva. Se voc\u00ea deseja experimentar essa atmosfera contagiante e vibrante, est\u00e1 no lugar certo! Neste [&hellip;]<\/p>\n","protected":false},"author":40,"featured_media":3361,"comment_status":"open","ping_status":"open","sticky":true,"template":"","format":"standard","meta":{"footnotes":""},"categories":[250,176,188,187,367,2,181,173],"tags":[361,370,375,376,281,253],"class_list":["post-3333","post","type-post","status-publish","format-standard","has-post-thumbnail","hentry","category-consultoria-de-viagens","category-dicas-de-viagens","category-experiencias","category-melhor-idade","category-turismo-religioso","category-viagem-familia","category-viagem-em-grupo","category-viagens-culturais","tag-caminhos-do-peregrino","tag-nossa-senhora-aparecida","tag-romaria","tag-romaria-aparecida","tag-turismo-cultural","tag-turismo-de-experiencia"],"yoast_head":"<!-- This site is optimized with the Yoast SEO Premium plugin v18.8 (Yoast SEO v27.5) - https:\/\/yoast.com\/product\/yoast-seo-premium-wordpress\/ -->\n<title>Romaria Arquidiocesana: Como Participar e Vibrar com os Fi\u00e9is - Caminhos do peregrino<\/title>\n<meta name=\"description\" content=\"Como Participar e vibrar na Romaria Arquidiocesana em Aparecida, viva a espiritualidade com os fi\u00e9is devotos de Nossa Senhora Aparecida\" \/>\n<meta name=\"robots\" content=\"index, follow, max-snippet:-1, max-image-preview:large, max-video-preview:-1\" \/>\n<link rel=\"canonical\" href=\"https:\/\/www.caminhosdoperegrino.com.br\/blog\/romaria-aparecida-como-participar-e-vibrar-com-os-fieis\/\" \/>\n<meta property=\"og:locale\" content=\"pt_BR\" \/>\n<meta property=\"og:type\" content=\"article\" \/>\n<meta property=\"og:title\" content=\"Romaria Arquidiocesana: Como Participar e Vibrar com os Fi\u00e9is\" \/>\n<meta property=\"og:description\" content=\"Como Participar e vibrar na Romaria Arquidiocesana em Aparecida, viva a espiritualidade com os fi\u00e9is devotos de Nossa Senhora Aparecida\" \/>\n<meta property=\"og:url\" content=\"https:\/\/www.caminhosdoperegrino.com.br\/blog\/romaria-aparecida-como-participar-e-vibrar-com-os-fieis\/\" \/>\n<meta property=\"og:site_name\" content=\"Caminhos do peregrino\" \/>\n<meta property=\"article:published_time\" content=\"2024-07-30T17:54:03+00:00\" \/>\n<meta property=\"article:modified_time\" content=\"2024-08-23T13:17:10+00:00\" \/>\n<meta property=\"og:image\" content=\"https:\/\/www.caminhosdoperegrino.com.br\/blog\/wp-content\/uploads\/2024\/07\/Design-sem-nome-21.png\" \/>\n\t<meta property=\"og:image:width\" content=\"720\" \/>\n\t<meta property=\"og:image:height\" content=\"720\" \/>\n\t<meta property=\"og:image:type\" content=\"image\/png\" \/>\n<meta name=\"author\" content=\"LIA ALVES\" \/>\n<meta name=\"twitter:card\" content=\"summary_large_image\" \/>\n<meta name=\"twitter:label1\" content=\"Escrito por\" \/>\n\t<meta name=\"twitter:data1\" content=\"LIA ALVES\" \/>\n\t<meta name=\"twitter:label2\" content=\"Est. tempo de leitura\" \/>\n\t<meta name=\"twitter:data2\" content=\"7 minutos\" \/>\n<script type=\"application\/ld+json\" class=\"yoast-schema-graph\">{\"@context\":\"https:\\\/\\\/schema.org\",\"@graph\":[{\"@type\":\"Article\",\"@id\":\"https:\\\/\\\/www.caminhosdoperegrino.com.br\\\/blog\\\/romaria-aparecida-como-participar-e-vibrar-com-os-fieis\\\/#article\",\"isPartOf\":{\"@id\":\"https:\\\/\\\/www.caminhosdoperegrino.com.br\\\/blog\\\/romaria-aparecida-como-participar-e-vibrar-com-os-fieis\\\/\"},\"author\":{\"name\":\"LIA ALVES\",\"@id\":\"https:\\\/\\\/www.caminhosdoperegrino.com.br\\\/blog\\\/#\\\/schema\\\/person\\\/eab040bb0edcbc3df458360244a10ab5\"},\"headline\":\"Romaria Arquidiocesana: Como Participar e Vibrar com os Fi\u00e9is\",\"datePublished\":\"2024-07-30T17:54:03+00:00\",\"dateModified\":\"2024-08-23T13:17:10+00:00\",\"mainEntityOfPage\":{\"@id\":\"https:\\\/\\\/www.caminhosdoperegrino.com.br\\\/blog\\\/romaria-aparecida-como-participar-e-vibrar-com-os-fieis\\\/\"},\"wordCount\":1147,\"commentCount\":0,\"publisher\":{\"@id\":\"https:\\\/\\\/www.caminhosdoperegrino.com.br\\\/blog\\\/#organization\"},\"image\":{\"@id\":\"https:\\\/\\\/www.caminhosdoperegrino.com.br\\\/blog\\\/romaria-aparecida-como-participar-e-vibrar-com-os-fieis\\\/#primaryimage\"},\"thumbnailUrl\":\"https:\\\/\\\/www.caminhosdoperegrino.com.br\\\/blog\\\/wp-content\\\/uploads\\\/2024\\\/07\\\/Design-sem-nome-21.png\",\"keywords\":[\"caminhos do peregrino\",\"nossa senhora aparecida\",\"ROMARIA\",\"ROMARIA APARECIDA\",\"turismo cultural\",\"turismo de experi\u00eancia\"],\"articleSection\":[\"Consultoria de viagens\",\"Dicas de Viagens\",\"Experi\u00eancias\",\"Melhor Idade\",\"Turismo religioso\",\"Viagem em Fam\u00edlia\",\"Viagem em grupo\",\"Viagens Culturais\"],\"inLanguage\":\"pt-BR\",\"potentialAction\":[{\"@type\":\"CommentAction\",\"name\":\"Comment\",\"target\":[\"https:\\\/\\\/www.caminhosdoperegrino.com.br\\\/blog\\\/romaria-aparecida-como-participar-e-vibrar-com-os-fieis\\\/#respond\"]}],\"copyrightYear\":\"2024\",\"copyrightHolder\":{\"@id\":\"https:\\\/\\\/www.caminhosdoperegrino.com.br\\\/blog\\\/#organization\"}},{\"@type\":\"WebPage\",\"@id\":\"https:\\\/\\\/www.caminhosdoperegrino.com.br\\\/blog\\\/romaria-aparecida-como-participar-e-vibrar-com-os-fieis\\\/\",\"url\":\"https:\\\/\\\/www.caminhosdoperegrino.com.br\\\/blog\\\/romaria-aparecida-como-participar-e-vibrar-com-os-fieis\\\/\",\"name\":\"Romaria Arquidiocesana: Como Participar e Vibrar com os Fi\u00e9is - Caminhos do peregrino\",\"isPartOf\":{\"@id\":\"https:\\\/\\\/www.caminhosdoperegrino.com.br\\\/blog\\\/#website\"},\"primaryImageOfPage\":{\"@id\":\"https:\\\/\\\/www.caminhosdoperegrino.com.br\\\/blog\\\/romaria-aparecida-como-participar-e-vibrar-com-os-fieis\\\/#primaryimage\"},\"image\":{\"@id\":\"https:\\\/\\\/www.caminhosdoperegrino.com.br\\\/blog\\\/romaria-aparecida-como-participar-e-vibrar-com-os-fieis\\\/#primaryimage\"},\"thumbnailUrl\":\"https:\\\/\\\/www.caminhosdoperegrino.com.br\\\/blog\\\/wp-content\\\/uploads\\\/2024\\\/07\\\/Design-sem-nome-21.png\",\"datePublished\":\"2024-07-30T17:54:03+00:00\",\"dateModified\":\"2024-08-23T13:17:10+00:00\",\"description\":\"Como Participar e vibrar na Romaria Arquidiocesana em Aparecida, viva a espiritualidade com os fi\u00e9is devotos de Nossa Senhora Aparecida\",\"breadcrumb\":{\"@id\":\"https:\\\/\\\/www.caminhosdoperegrino.com.br\\\/blog\\\/romaria-aparecida-como-participar-e-vibrar-com-os-fieis\\\/#breadcrumb\"},\"inLanguage\":\"pt-BR\",\"potentialAction\":[{\"@type\":\"ReadAction\",\"target\":[\"https:\\\/\\\/www.caminhosdoperegrino.com.br\\\/blog\\\/romaria-aparecida-como-participar-e-vibrar-com-os-fieis\\\/\"]}]},{\"@type\":\"ImageObject\",\"inLanguage\":\"pt-BR\",\"@id\":\"https:\\\/\\\/www.caminhosdoperegrino.com.br\\\/blog\\\/romaria-aparecida-como-participar-e-vibrar-com-os-fieis\\\/#primaryimage\",\"url\":\"https:\\\/\\\/www.caminhosdoperegrino.com.br\\\/blog\\\/wp-content\\\/uploads\\\/2024\\\/07\\\/Design-sem-nome-21.png\",\"contentUrl\":\"https:\\\/\\\/www.caminhosdoperegrino.com.br\\\/blog\\\/wp-content\\\/uploads\\\/2024\\\/07\\\/Design-sem-nome-21.png\",\"width\":720,\"height\":720},{\"@type\":\"BreadcrumbList\",\"@id\":\"https:\\\/\\\/www.caminhosdoperegrino.com.br\\\/blog\\\/romaria-aparecida-como-participar-e-vibrar-com-os-fieis\\\/#breadcrumb\",\"itemListElement\":[{\"@type\":\"ListItem\",\"position\":1,\"name\":\"Home\",\"item\":\"https:\\\/\\\/www.caminhosdoperegrino.com.br\\\/blog\\\/\"},{\"@type\":\"ListItem\",\"position\":2,\"name\":\"Romaria Arquidiocesana: Como Participar e Vibrar com os Fi\u00e9is\"}]},{\"@type\":\"WebSite\",\"@id\":\"https:\\\/\\\/www.caminhosdoperegrino.com.br\\\/blog\\\/#website\",\"url\":\"https:\\\/\\\/www.caminhosdoperegrino.com.br\\\/blog\\\/\",\"name\":\"Caminhos do peregrino\",\"description\":\"turismo religioso de experi\u00eancia\",\"publisher\":{\"@id\":\"https:\\\/\\\/www.caminhosdoperegrino.com.br\\\/blog\\\/#organization\"},\"potentialAction\":[{\"@type\":\"SearchAction\",\"target\":{\"@type\":\"EntryPoint\",\"urlTemplate\":\"https:\\\/\\\/www.caminhosdoperegrino.com.br\\\/blog\\\/?s={search_term_string}\"},\"query-input\":{\"@type\":\"PropertyValueSpecification\",\"valueRequired\":true,\"valueName\":\"search_term_string\"}}],\"inLanguage\":\"pt-BR\"},{\"@type\":\"Organization\",\"@id\":\"https:\\\/\\\/www.caminhosdoperegrino.com.br\\\/blog\\\/#organization\",\"name\":\"Caminhos do peregrino\",\"url\":\"https:\\\/\\\/www.caminhosdoperegrino.com.br\\\/blog\\\/\",\"logo\":{\"@type\":\"ImageObject\",\"inLanguage\":\"pt-BR\",\"@id\":\"https:\\\/\\\/www.caminhosdoperegrino.com.br\\\/blog\\\/#\\\/schema\\\/logo\\\/image\\\/\",\"url\":\"https:\\\/\\\/caminhosdoperegrino.com.br\\\/blog\\\/wp-content\\\/uploads\\\/2023\\\/12\\\/LOGO-VERDE.png\",\"contentUrl\":\"https:\\\/\\\/caminhosdoperegrino.com.br\\\/blog\\\/wp-content\\\/uploads\\\/2023\\\/12\\\/LOGO-VERDE.png\",\"width\":1015,\"height\":720,\"caption\":\"Caminhos do peregrino\"},\"image\":{\"@id\":\"https:\\\/\\\/www.caminhosdoperegrino.com.br\\\/blog\\\/#\\\/schema\\\/logo\\\/image\\\/\"},\"sameAs\":[\"https:\\\/\\\/www.instagram.com\\\/caminhosdoperegrino.com.br\\\/\"]},{\"@type\":\"Person\",\"@id\":\"https:\\\/\\\/www.caminhosdoperegrino.com.br\\\/blog\\\/#\\\/schema\\\/person\\\/eab040bb0edcbc3df458360244a10ab5\",\"name\":\"LIA ALVES\",\"image\":{\"@type\":\"ImageObject\",\"inLanguage\":\"pt-BR\",\"@id\":\"https:\\\/\\\/secure.gravatar.com\\\/avatar\\\/230149933f274eda93e8c80b00688c99f19fcc5b4ae2ae937b34b48b52341665?s=96&d=mm&r=g\",\"url\":\"https:\\\/\\\/secure.gravatar.com\\\/avatar\\\/230149933f274eda93e8c80b00688c99f19fcc5b4ae2ae937b34b48b52341665?s=96&d=mm&r=g\",\"contentUrl\":\"https:\\\/\\\/secure.gravatar.com\\\/avatar\\\/230149933f274eda93e8c80b00688c99f19fcc5b4ae2ae937b34b48b52341665?s=96&d=mm&r=g\",\"caption\":\"LIA ALVES\"},\"description\":\"Lia Alves \u00e9 formada em Administra\u00e7\u00e3o em Turismo pela PUC-Goi\u00e1s e MBA em Turismo: planejamento, gest\u00e3o e marketing pela Universidade Cat\u00f3lica de Bras\u00edlia. Ela \u00e9 apaixonada por viagens e cultura, e decidiu transformar sua experi\u00eancia pessoal em um neg\u00f3cio de sucesso. A Caminhos do Peregrino surgiu com o sonho de oferecer aos seus clientes uma experi\u00eancia \u00fanica, que envolve conhecer os principais pontos tur\u00edsticos de uma cidade, participar de atividades religiosas e culturais, e fortalecer a f\u00e9 crist\u00e3. A miss\u00e3o da Caminhos do Peregrino \u00e9 proporcionar aos seus clientes uma mem\u00f3ria afetiva que transcenda o tempo e o espa\u00e7o. Se voc\u00ea quiser saber mais sobre ela ou sobre a Caminhos do Peregrino, voc\u00ea pode visitar o site oficial da empresa ou seguir as redes sociais dela.\",\"url\":\"https:\\\/\\\/www.caminhosdoperegrino.com.br\\\/blog\\\/author\\\/lia\\\/\"}]}<\/script>\n<!-- \/ Yoast SEO Premium plugin. -->","yoast_head_json":{"title":"Romaria Arquidiocesana: Como Participar e Vibrar com os Fi\u00e9is - Caminhos do peregrino","description":"Como Participar e vibrar na Romaria Arquidiocesana em Aparecida, viva a espiritualidade com os fi\u00e9is devotos de Nossa Senhora Aparecida","robots":{"index":"index","follow":"follow","max-snippet":"max-snippet:-1","max-image-preview":"max-image-preview:large","max-video-preview":"max-video-preview:-1"},"canonical":"https:\/\/www.caminhosdoperegrino.com.br\/blog\/romaria-aparecida-como-participar-e-vibrar-com-os-fieis\/","og_locale":"pt_BR","og_type":"article","og_title":"Romaria Arquidiocesana: Como Participar e Vibrar com os Fi\u00e9is","og_description":"Como Participar e vibrar na Romaria Arquidiocesana em Aparecida, viva a espiritualidade com os fi\u00e9is devotos de Nossa Senhora Aparecida","og_url":"https:\/\/www.caminhosdoperegrino.com.br\/blog\/romaria-aparecida-como-participar-e-vibrar-com-os-fieis\/","og_site_name":"Caminhos do peregrino","article_published_time":"2024-07-30T17:54:03+00:00","article_modified_time":"2024-08-23T13:17:10+00:00","og_image":[{"width":720,"height":720,"url":"https:\/\/www.caminhosdoperegrino.com.br\/blog\/wp-content\/uploads\/2024\/07\/Design-sem-nome-21.png","type":"image\/png"}],"author":"LIA ALVES","twitter_card":"summary_large_image","twitter_misc":{"Escrito por":"LIA ALVES","Est. tempo de leitura":"7 minutos"},"schema":{"@context":"https:\/\/schema.org","@graph":[{"@type":"Article","@id":"https:\/\/www.caminhosdoperegrino.com.br\/blog\/romaria-aparecida-como-participar-e-vibrar-com-os-fieis\/#article","isPartOf":{"@id":"https:\/\/www.caminhosdoperegrino.com.br\/blog\/romaria-aparecida-como-participar-e-vibrar-com-os-fieis\/"},"author":{"name":"LIA ALVES","@id":"https:\/\/www.caminhosdoperegrino.com.br\/blog\/#\/schema\/person\/eab040bb0edcbc3df458360244a10ab5"},"headline":"Romaria Arquidiocesana: Como Participar e Vibrar com os Fi\u00e9is","datePublished":"2024-07-30T17:54:03+00:00","dateModified":"2024-08-23T13:17:10+00:00","mainEntityOfPage":{"@id":"https:\/\/www.caminhosdoperegrino.com.br\/blog\/romaria-aparecida-como-participar-e-vibrar-com-os-fieis\/"},"wordCount":1147,"commentCount":0,"publisher":{"@id":"https:\/\/www.caminhosdoperegrino.com.br\/blog\/#organization"},"image":{"@id":"https:\/\/www.caminhosdoperegrino.com.br\/blog\/romaria-aparecida-como-participar-e-vibrar-com-os-fieis\/#primaryimage"},"thumbnailUrl":"https:\/\/www.caminhosdoperegrino.com.br\/blog\/wp-content\/uploads\/2024\/07\/Design-sem-nome-21.png","keywords":["caminhos do peregrino","nossa senhora aparecida","ROMARIA","ROMARIA APARECIDA","turismo cultural","turismo de experi\u00eancia"],"articleSection":["Consultoria de viagens","Dicas de Viagens","Experi\u00eancias","Melhor Idade","Turismo religioso","Viagem em Fam\u00edlia","Viagem em grupo","Viagens Culturais"],"inLanguage":"pt-BR","potentialAction":[{"@type":"CommentAction","name":"Comment","target":["https:\/\/www.caminhosdoperegrino.com.br\/blog\/romaria-aparecida-como-participar-e-vibrar-com-os-fieis\/#respond"]}],"copyrightYear":"2024","copyrightHolder":{"@id":"https:\/\/www.caminhosdoperegrino.com.br\/blog\/#organization"}},{"@type":"WebPage","@id":"https:\/\/www.caminhosdoperegrino.com.br\/blog\/romaria-aparecida-como-participar-e-vibrar-com-os-fieis\/","url":"https:\/\/www.caminhosdoperegrino.com.br\/blog\/romaria-aparecida-como-participar-e-vibrar-com-os-fieis\/","name":"Romaria Arquidiocesana: Como Participar e Vibrar com os Fi\u00e9is - Caminhos do peregrino","isPartOf":{"@id":"https:\/\/www.caminhosdoperegrino.com.br\/blog\/#website"},"primaryImageOfPage":{"@id":"https:\/\/www.caminhosdoperegrino.com.br\/blog\/romaria-aparecida-como-participar-e-vibrar-com-os-fieis\/#primaryimage"},"image":{"@id":"https:\/\/www.caminhosdoperegrino.com.br\/blog\/romaria-aparecida-como-participar-e-vibrar-com-os-fieis\/#primaryimage"},"thumbnailUrl":"https:\/\/www.caminhosdoperegrino.com.br\/blog\/wp-content\/uploads\/2024\/07\/Design-sem-nome-21.png","datePublished":"2024-07-30T17:54:03+00:00","dateModified":"2024-08-23T13:17:10+00:00","description":"Como Participar e vibrar na Romaria Arquidiocesana em Aparecida, viva a espiritualidade com os fi\u00e9is devotos de Nossa Senhora Aparecida","breadcrumb":{"@id":"https:\/\/www.caminhosdoperegrino.com.br\/blog\/romaria-aparecida-como-participar-e-vibrar-com-os-fieis\/#breadcrumb"},"inLanguage":"pt-BR","potentialAction":[{"@type":"ReadAction","target":["https:\/\/www.caminhosdoperegrino.com.br\/blog\/romaria-aparecida-como-participar-e-vibrar-com-os-fieis\/"]}]},{"@type":"ImageObject","inLanguage":"pt-BR","@id":"https:\/\/www.caminhosdoperegrino.com.br\/blog\/romaria-aparecida-como-participar-e-vibrar-com-os-fieis\/#primaryimage","url":"https:\/\/www.caminhosdoperegrino.com.br\/blog\/wp-content\/uploads\/2024\/07\/Design-sem-nome-21.png","contentUrl":"https:\/\/www.caminhosdoperegrino.com.br\/blog\/wp-content\/uploads\/2024\/07\/Design-sem-nome-21.png","width":720,"height":720},{"@type":"BreadcrumbList","@id":"https:\/\/www.caminhosdoperegrino.com.br\/blog\/romaria-aparecida-como-participar-e-vibrar-com-os-fieis\/#breadcrumb","itemListElement":[{"@type":"ListItem","position":1,"name":"Home","item":"https:\/\/www.caminhosdoperegrino.com.br\/blog\/"},{"@type":"ListItem","position":2,"name":"Romaria Arquidiocesana: Como Participar e Vibrar com os Fi\u00e9is"}]},{"@type":"WebSite","@id":"https:\/\/www.caminhosdoperegrino.com.br\/blog\/#website","url":"https:\/\/www.caminhosdoperegrino.com.br\/blog\/","name":"Caminhos do peregrino","description":"turismo religioso de experi\u00eancia","publisher":{"@id":"https:\/\/www.caminhosdoperegrino.com.br\/blog\/#organization"},"potentialAction":[{"@type":"SearchAction","target":{"@type":"EntryPoint","urlTemplate":"https:\/\/www.caminhosdoperegrino.com.br\/blog\/?s={search_term_string}"},"query-input":{"@type":"PropertyValueSpecification","valueRequired":true,"valueName":"search_term_string"}}],"inLanguage":"pt-BR"},{"@type":"Organization","@id":"https:\/\/www.caminhosdoperegrino.com.br\/blog\/#organization","name":"Caminhos do peregrino","url":"https:\/\/www.caminhosdoperegrino.com.br\/blog\/","logo":{"@type":"ImageObject","inLanguage":"pt-BR","@id":"https:\/\/www.caminhosdoperegrino.com.br\/blog\/#\/schema\/logo\/image\/","url":"https:\/\/caminhosdoperegrino.com.br\/blog\/wp-content\/uploads\/2023\/12\/LOGO-VERDE.png","contentUrl":"https:\/\/caminhosdoperegrino.com.br\/blog\/wp-content\/uploads\/2023\/12\/LOGO-VERDE.png","width":1015,"height":720,"caption":"Caminhos do peregrino"},"image":{"@id":"https:\/\/www.caminhosdoperegrino.com.br\/blog\/#\/schema\/logo\/image\/"},"sameAs":["https:\/\/www.instagram.com\/caminhosdoperegrino.com.br\/"]},{"@type":"Person","@id":"https:\/\/www.caminhosdoperegrino.com.br\/blog\/#\/schema\/person\/eab040bb0edcbc3df458360244a10ab5","name":"LIA ALVES","image":{"@type":"ImageObject","inLanguage":"pt-BR","@id":"https:\/\/secure.gravatar.com\/avatar\/230149933f274eda93e8c80b00688c99f19fcc5b4ae2ae937b34b48b52341665?s=96&d=mm&r=g","url":"https:\/\/secure.gravatar.com\/avatar\/230149933f274eda93e8c80b00688c99f19fcc5b4ae2ae937b34b48b52341665?s=96&d=mm&r=g","contentUrl":"https:\/\/secure.gravatar.com\/avatar\/230149933f274eda93e8c80b00688c99f19fcc5b4ae2ae937b34b48b52341665?s=96&d=mm&r=g","caption":"LIA ALVES"},"description":"Lia Alves \u00e9 formada em Administra\u00e7\u00e3o em Turismo pela PUC-Goi\u00e1s e MBA em Turismo: planejamento, gest\u00e3o e marketing pela Universidade Cat\u00f3lica de Bras\u00edlia. Ela \u00e9 apaixonada por viagens e cultura, e decidiu transformar sua experi\u00eancia pessoal em um neg\u00f3cio de sucesso. A Caminhos do Peregrino surgiu com o sonho de oferecer aos seus clientes uma experi\u00eancia \u00fanica, que envolve conhecer os principais pontos tur\u00edsticos de uma cidade, participar de atividades religiosas e culturais, e fortalecer a f\u00e9 crist\u00e3. A miss\u00e3o da Caminhos do Peregrino \u00e9 proporcionar aos seus clientes uma mem\u00f3ria afetiva que transcenda o tempo e o espa\u00e7o. Se voc\u00ea quiser saber mais sobre ela ou sobre a Caminhos do Peregrino, voc\u00ea pode visitar o site oficial da empresa ou seguir as redes sociais dela.","url":"https:\/\/www.caminhosdoperegrino.com.br\/blog\/author\/lia\/"}]}},"amp_enabled":true,"_links":{"self":[{"href":"https:\/\/www.caminhosdoperegrino.com.br\/blog\/wp-json\/wp\/v2\/posts\/3333","targetHints":{"allow":["GET"]}}],"collection":[{"href":"https:\/\/www.caminhosdoperegrino.com.br\/blog\/wp-json\/wp\/v2\/posts"}],"about":[{"href":"https:\/\/www.caminhosdoperegrino.com.br\/blog\/wp-json\/wp\/v2\/types\/post"}],"author":[{"embeddable":true,"href":"https:\/\/www.caminhosdoperegrino.com.br\/blog\/wp-json\/wp\/v2\/users\/40"}],"replies":[{"embeddable":true,"href":"https:\/\/www.caminhosdoperegrino.com.br\/blog\/wp-json\/wp\/v2\/comments?post=3333"}],"version-history":[{"count":12,"href":"https:\/\/www.caminhosdoperegrino.com.br\/blog\/wp-json\/wp\/v2\/posts\/3333\/revisions"}],"predecessor-version":[{"id":3356,"href":"https:\/\/www.caminhosdoperegrino.com.br\/blog\/wp-json\/wp\/v2\/posts\/3333\/revisions\/3356"}],"wp:featuredmedia":[{"embeddable":true,"href":"https:\/\/www.caminhosdoperegrino.com.br\/blog\/wp-json\/wp\/v2\/media\/3361"}],"wp:attachment":[{"href":"https:\/\/www.caminhosdoperegrino.com.br\/blog\/wp-json\/wp\/v2\/media?parent=3333"}],"wp:term":[{"taxonomy":"category","embeddable":true,"href":"https:\/\/www.caminhosdoperegrino.com.br\/blog\/wp-json\/wp\/v2\/categories?post=3333"},{"taxonomy":"post_tag","embeddable":true,"href":"https:\/\/www.caminhosdoperegrino.com.br\/blog\/wp-json\/wp\/v2\/tags?post=3333"}],"curies":[{"name":"wp","href":"https:\/\/api.w.org\/{rel}","templated":true}]}}