{"id":3101,"date":"2023-12-22T18:39:59","date_gmt":"2023-12-22T18:39:59","guid":{"rendered":"https:\/\/caminhosdoperegrino.com.br\/blog\/?p=3101"},"modified":"2024-01-04T22:20:14","modified_gmt":"2024-01-04T22:20:14","slug":"dedo-de-prosa-caldas-novas","status":"publish","type":"post","link":"https:\/\/www.caminhosdoperegrino.com.br\/blog\/dedo-de-prosa-caldas-novas\/","title":{"rendered":"Encontro Dedo de Prosa &#8211; Grupo de viagem da terceira idade"},"content":{"rendered":"\n<div class=\"wp-block-media-text is-stacked-on-mobile\"><figure class=\"wp-block-media-text__media\"><img fetchpriority=\"high\" decoding=\"async\" width=\"1024\" height=\"1024\" src=\"https:\/\/caminhosdoperegrino.com.br\/blog\/wp-content\/uploads\/2023\/12\/caldas-dedo-de-prosa-1-1024x1024.png\" alt=\"DiRoma Acqua Park\" class=\"wp-image-3154 size-full\" srcset=\"https:\/\/www.caminhosdoperegrino.com.br\/blog\/wp-content\/uploads\/2023\/12\/caldas-dedo-de-prosa-1-1024x1024.png 1024w, https:\/\/www.caminhosdoperegrino.com.br\/blog\/wp-content\/uploads\/2023\/12\/caldas-dedo-de-prosa-1-300x300.png 300w, https:\/\/www.caminhosdoperegrino.com.br\/blog\/wp-content\/uploads\/2023\/12\/caldas-dedo-de-prosa-1-150x150.png 150w, https:\/\/www.caminhosdoperegrino.com.br\/blog\/wp-content\/uploads\/2023\/12\/caldas-dedo-de-prosa-1-768x768.png 768w, https:\/\/www.caminhosdoperegrino.com.br\/blog\/wp-content\/uploads\/2023\/12\/caldas-dedo-de-prosa-1-80x80.png 80w, https:\/\/www.caminhosdoperegrino.com.br\/blog\/wp-content\/uploads\/2023\/12\/caldas-dedo-de-prosa-1.png 720w\" sizes=\"(max-width: 1024px) 100vw, 1024px\" \/><\/figure><div class=\"wp-block-media-text__content\">\n<p>Caminhos do peregrino \u00e9 ag\u00eancia parceira do Encontro Nacional Dedo de Prosa da melhor idade.  Por isso a agencia organiza grupos de viagem da terceira idade para evento mais animado e divertido do Brasil. Mas al\u00e9m da organiza\u00e7\u00e3o, a integra\u00e7\u00e3o do grupo com outras pessoas possibilita a todos vivem experi\u00eancias \u00fanicas.  <\/p>\n<\/div><\/div>\n\n\n\n<p>Voc\u00ea sabia que a terceira idade \u00e9 uma das faixas et\u00e1rias que mais sofrem com a solid\u00e3o, o isolamento social e a falta de atividades recreativas? Segundo uma pesquisa realizada pela Funda\u00e7\u00e3o Oswaldo Cruz (Fiocruz), pois cerca de 40% dos idosos brasileiros se sentem solit\u00e1rios e 25% apresentam sintomas de depress\u00e3o.<\/p>\n\n\n\n<p>Ent\u00e3o esses fatores podem afetar negativamente a sa\u00fade f\u00edsica e mental dos idosos, aumentando o risco de doen\u00e7as cr\u00f4nicas, como hipertens\u00e3o, diabetes, obesidade, dem\u00eancia e Alzheimer.<\/p>\n\n\n\n<p class=\"has-text-align-left\">Contudo, \u00e9 muito importante que o p\u00fablico s\u00eanior tenha oportunidades de interagir com outras pessoas, fazer novas amizades, trocar experi\u00eancias, aprender coisas novas e se divertir. Em suma as viagens em grupo e os eventos voltados para esse p\u00fablico \u00e9 uma das formas de proporcionar isso . Os eventos, que ofere\u00e7am atividades culturais, educacionais, esportivas e de lazer, adaptadas \u00e0s necessidades e aos interesses desse p\u00fablico.<\/p>\n\n\n\n<h2 class=\"wp-block-heading\" id=\"h-dedo-de-prosa-sera-sucesso-em-caldas-novas\">Dedo de prosa ser\u00e1 sucesso em Caldas Novas<\/h2>\n\n\n\n<figure class=\"wp-block-image size-large\"><img decoding=\"async\" width=\"1024\" height=\"1024\" src=\"https:\/\/caminhosdoperegrino.com.br\/blog\/wp-content\/uploads\/2023\/12\/caldas-dedo-de-prosa-12-1024x1024.png\" alt=\"Data do encontro dedo de prosa \" class=\"wp-image-3103\" srcset=\"https:\/\/www.caminhosdoperegrino.com.br\/blog\/wp-content\/uploads\/2023\/12\/caldas-dedo-de-prosa-12-1024x1024.png 1024w, https:\/\/www.caminhosdoperegrino.com.br\/blog\/wp-content\/uploads\/2023\/12\/caldas-dedo-de-prosa-12-300x300.png 300w, https:\/\/www.caminhosdoperegrino.com.br\/blog\/wp-content\/uploads\/2023\/12\/caldas-dedo-de-prosa-12-150x150.png 150w, https:\/\/www.caminhosdoperegrino.com.br\/blog\/wp-content\/uploads\/2023\/12\/caldas-dedo-de-prosa-12-768x768.png 768w, https:\/\/www.caminhosdoperegrino.com.br\/blog\/wp-content\/uploads\/2023\/12\/caldas-dedo-de-prosa-12-80x80.png 80w, https:\/\/www.caminhosdoperegrino.com.br\/blog\/wp-content\/uploads\/2023\/12\/caldas-dedo-de-prosa-12.png 720w\" sizes=\"(max-width: 1024px) 100vw, 1024px\" \/><figcaption class=\"wp-element-caption\">Instagram: <a href=\"https:\/\/www.instagram.com\/p\/Cz4X1a0OCel\/?utm_source=ig_web_copy_link\">@caminhosdoperegrino.com.br<\/a><\/figcaption><\/figure>\n\n\n\n<p>O Encontro nacional Dedo de prosa \u00e9 um exemplo de evento que \u00e9 um sucesso entre os idosos. Ent\u00e3o por isso evento \u00e9 realizado duas vezes no mesmo ano com sucesso absoluto. Contudo uma nova edi\u00e7\u00e3o em cidades tur\u00edsticas diferentes por todo o pa\u00eds. <\/p>\n\n\n\n<p>A pr\u00f3xima edi\u00e7\u00e3o ser\u00e1 no primeiro semestre de 2024, realizado em Caldas Novas, Goi\u00e1s, entre os dias 02 e 05 de maio. Caldas \u00e9 uma cidade que encanta o p\u00fablico porque em sua primeira visita e deixa aquela vontade de querer voltar novamente. <\/p>\n\n\n\n<p>O Dedo de Prosa \u00e9 um encontro de idosos pois tem como objetivo promover a integra\u00e7\u00e3o, a socializa\u00e7\u00e3o, a valoriza\u00e7\u00e3o e o bem-estar da terceira idade, atrav\u00e9s de palestras, oficinas, passeios, shows, bailes, jogos, concursos e muito mais.<\/p>\n\n\n\n<p>Por isso \u00e9 o encontro mais animado e divertido do Brasil. Em suma que re\u00fane palestrantes, professores, cantores, artistas e amantes da cultura em geral, que fazem a experi\u00eancia se tornar puramente prazerosa ao viajante.<\/p>\n\n\n\n<h2 class=\"wp-block-heading\" id=\"h-iniciativa-e-realizacao-do-evento-dedo-de-prosa\">Iniciativa e realiza\u00e7\u00e3o do evento Dedo de Prosa<\/h2>\n\n\n\n<figure class=\"wp-block-image size-large\"><img decoding=\"async\" width=\"362\" height=\"1024\" src=\"https:\/\/caminhosdoperegrino.com.br\/blog\/wp-content\/uploads\/2023\/12\/dedo-de-prosa-folder-o-362x1024.jpg\" alt=\"Encontro promovido pela equipe Dedo de Prosa comunica\u00e7\u00e3o e eventos\" class=\"wp-image-3104\" srcset=\"https:\/\/www.caminhosdoperegrino.com.br\/blog\/wp-content\/uploads\/2023\/12\/dedo-de-prosa-folder-o-362x1024.jpg 362w, https:\/\/www.caminhosdoperegrino.com.br\/blog\/wp-content\/uploads\/2023\/12\/dedo-de-prosa-folder-o-106x300.jpg 106w\" sizes=\"(max-width: 362px) 100vw, 362px\" \/><figcaption class=\"wp-element-caption\"><strong>Caldas Novas recebe Encontro Nacional Dedo de Prosa da melhor idade<\/strong><\/figcaption><\/figure>\n\n\n\n<p>O Dedo de Prosa \u00e9 uma iniciativa do apresentador Juarez Elisi\u00e1rio e a equipe do Dedo de Prosa comunica\u00e7\u00e3o e eventos, contudo h\u00e1 mais de 6 anos realiza semestralmente o evento para a terceira idade em todo o pa\u00eds, com o apoio de diversas entidades p\u00fablicas e privadas.<\/p>\n\n\n\n<p>A 27\u00aa edi\u00e7\u00e3o do evento ser\u00e1 na rede de hot\u00e9is di Roma. Em primeiro lugar o empreendimento foi escolhido por causa de possuir uma infraestrutura completa para receber os idosos, com quartos, restaurantes, centro de conven\u00e7\u00f5es, piscinas termais, sauna, academia, quadras esportivas, sal\u00e3o de jogos, sal\u00e3o de beleza, spa, parque aqu\u00e1tico e muito mais. Em segundo lugar, o hotel fica pr\u00f3ximo ao Parque Estadual da Serra de Caldas Novas, que possui uma rica biodiversidade, trilhas e cachoeiras, ideais para quem gosta de natureza e aventura.<\/p>\n\n\n\n<p>O Dedo de Prosa \u00e9 uma \u00f3tima oportunidade para as pessoas da terceira idade que querem sair da rotina, pois possibilita conhecer novos lugares, fazer novos amigos e se divertir muito. <\/p>\n\n\n\n<figure class=\"wp-block-video\"><video height=\"480\" style=\"aspect-ratio: 848 \/ 480;\" width=\"848\" controls src=\"https:\/\/caminhosdoperegrino.com.br\/blog\/wp-content\/uploads\/2023\/12\/dedo-de-prosa-caldas.mp4\"><\/video><\/figure>\n\n\n\n<h2 class=\"wp-block-heading\" id=\"h-quais-beneficios-a-viagem-em-grupo-pode-fazer-a-terceira-idade\">Quais benef\u00edcios a viagem em grupo pode fazer a terceira idade<\/h2>\n\n\n\n<p>O evento pode trazer diversos benef\u00edcios para a vida do dia a dia das pessoas envolvidas, como:<\/p>\n\n\n\n<p>Em primeiro lugar, melhorar a autoestima, a autoconfian\u00e7a e a autoimagem dos idosos, que se sentem valorizados, respeitados e reconhecidos pela sociedade;<\/p>\n\n\n\n<p> Depois estimular a criatividade, a curiosidade e a capacidade de aprendizagem dos idosos, que t\u00eam acesso a novas informa\u00e7\u00f5es, conhecimentos e habilidades. <\/p>\n\n\n\n<p>A essa altura a viagem consegue fortalecer o v\u00ednculo afetivo, a solidariedade e a coopera\u00e7\u00e3o entre os idosos, que compartilham experi\u00eancias, sentimentos e emo\u00e7\u00f5es;<\/p>\n\n\n\n<p>Em quarto lugar: Prevenir e combater o estresse, a ansiedade e a depress\u00e3o dos idosos, que encontram apoio, acolhimento e divers\u00e3o.  Em quinto lugar: Favorecer a sa\u00fade f\u00edsica e mental dos idosos, que praticam exerc\u00edcios, relaxam, se alimentam bem e dormem melhor.<\/p>\n\n\n\n<h2 class=\"wp-block-heading\" id=\"h-participe-do-evento-da-terceira-idade\">Participe do evento da terceira idade<\/h2>\n\n\n\n<p>Se voc\u00ea uma pessoa da terceira idade ou conhece algu\u00e9m que \u00e9, n\u00e3o perca essa chance de participar do Dedo de Prosa. As inscri\u00e7\u00f5es j\u00e1 est\u00e3o abertas, pelo site da caminhos do peregrino ou pelo telefone (62) 98112-0397. N\u00e3o fique de fora dessa, venha bater um dedo de prosa com a gente! <a href=\"https:\/\/lp.caminhosdoperegrino.com.br\/lp-dedo-de-prosa-a\">Quero reservar minha vaga<\/a><\/p>\n\n\n\n<h2 class=\"wp-block-heading\" id=\"h-programa-dedo-de-prosa-escolhe-caldas-novas-foi-por-ser-um-destino-muito-atrativo\">Programa Dedo de Prosa escolhe Caldas Novas foi por ser um destino muito atrativo<\/h2>\n\n\n\n<figure class=\"wp-block-image size-large\"><a href=\"https:\/\/lp.caminhosdoperegrino.com.br\/lp-dedo-de-prosa-a\" target=\"_blank\" rel=\"noreferrer noopener\"><img loading=\"lazy\" decoding=\"async\" width=\"1024\" height=\"1024\" src=\"https:\/\/caminhosdoperegrino.com.br\/blog\/wp-content\/uploads\/2023\/12\/@caminhosdoperegrino.com_.br_-1024x1024.png\" alt=\"\" class=\"wp-image-3153\" srcset=\"https:\/\/www.caminhosdoperegrino.com.br\/blog\/wp-content\/uploads\/2023\/12\/@caminhosdoperegrino.com_.br_-1024x1024.png 1024w, https:\/\/www.caminhosdoperegrino.com.br\/blog\/wp-content\/uploads\/2023\/12\/@caminhosdoperegrino.com_.br_-300x300.png 300w, https:\/\/www.caminhosdoperegrino.com.br\/blog\/wp-content\/uploads\/2023\/12\/@caminhosdoperegrino.com_.br_-150x150.png 150w, https:\/\/www.caminhosdoperegrino.com.br\/blog\/wp-content\/uploads\/2023\/12\/@caminhosdoperegrino.com_.br_-768x768.png 768w, https:\/\/www.caminhosdoperegrino.com.br\/blog\/wp-content\/uploads\/2023\/12\/@caminhosdoperegrino.com_.br_-80x80.png 80w, https:\/\/www.caminhosdoperegrino.com.br\/blog\/wp-content\/uploads\/2023\/12\/@caminhosdoperegrino.com_.br_.png 720w\" sizes=\"(max-width: 1024px) 100vw, 1024px\" \/><\/a><\/figure>\n\n\n\n<h3 class=\"wp-block-heading\">A cidade escolhida \u00e9 um destino muito atrativo para o p\u00fablico s\u00eanior por v\u00e1rias raz\u00f5es:<\/h3>\n\n\n\n<ul class=\"wp-block-list\">\n<li><strong>\u00c1guas Termais<\/strong>: \u00c9 conhecida como a maior est\u00e2ncia hidrotermal do mundo. As \u00e1guas termais s\u00e3o conhecidas por suas propriedades medicinais e podem ser muito relaxantes. Porque a cidade tem v\u00e1rios hot\u00e9is e praticamente todos t\u00eam uma \u00e1rea reservada \u00e0s piscinas ou d\u00e3o direito a entrada em algum parque aqu\u00e1tico. Por isso os hot\u00e9is DiRoma foram escolhidos para sediar o evento.<\/li>\n\n\n\n<li><strong>Parques Aqu\u00e1ticos<\/strong>: A cidade possui diversos parques aqu\u00e1ticos e contudo o Di Roma Acqua Park ser\u00e1 palco do evento nas atividades.<\/li>\n\n\n\n<li><strong>Natureza e Parques<\/strong>: Al\u00e9m dos parques aqu\u00e1ticos, Caldas Novas conta com o Parque Estadual da Serra de Caldas, que em suma preserva os mananciais de \u00e1guas quentes e rica biodiversidade do cerrado. Este parque incentiva o turismo ecol\u00f3gico em suas trilhas dispon\u00edveis.<\/li>\n\n\n\n<li><strong>Cultura Local<\/strong>: A cidade tamb\u00e9m possui atra\u00e7\u00f5es culturais, como o Casar\u00e3o Gonzaga, considerado a primeira casa da cidade e que hoje \u00e9 um espa\u00e7o para vendas de artes\u00e3os.<\/li>\n\n\n\n<li><strong>Clima<\/strong>: A temperatura m\u00e9dia anual da cidade \u00e9 de 24\u00baC, por isso a torna um destino agrad\u00e1vel durante todo o ano.<\/li>\n<\/ul>\n\n\n\n<h2 class=\"wp-block-heading\" id=\"h-como-participar-do-evento\">Como participar do evento<\/h2>\n\n\n\n<ul class=\"wp-block-list\">\n<li>A ag\u00eancia Caminhos do peregrino \u00e9 parceira do programa dedo de prosa e para garantir o seu pacote, entre em contato com nosso time e fa\u00e7a a sua inscri\u00e7\u00e3o. <a href=\"https:\/\/caminhosdoperegrino.com.br\/blog\/como-surgiu-agencia\/\">CLIQUE AQUI<\/a> e conhe\u00e7a mais sobre a ag\u00eancia<\/li>\n\n\n\n<li>N\u00e3o perca essa chance de viver momentos inesquec\u00edveis ao lado de pessoas que compartilham a sua paix\u00e3o pela vida. Esperamos voc\u00ea em Caldas Novas. Porque viajar com Dedo de prosa \u00e9 bom demais! <a href=\"https:\/\/lp.caminhosdoperegrino.com.br\/lp-dedo-de-prosa-a\" target=\"_blank\" rel=\"noreferrer noopener\"><u>Quero reservar minha vaga<\/u><\/a><\/li>\n<\/ul>\n","protected":false},"excerpt":{"rendered":"<p>Caminhos do peregrino \u00e9 ag\u00eancia parceira do Encontro Nacional Dedo de Prosa da melhor idade. Por isso a agencia organiza grupos de viagem da terceira idade para evento mais animado e divertido do Brasil. Mas al\u00e9m da organiza\u00e7\u00e3o, a integra\u00e7\u00e3o do grupo com outras pessoas possibilita a todos vivem experi\u00eancias \u00fanicas. Voc\u00ea sabia que a [&hellip;]<\/p>\n","protected":false},"author":40,"featured_media":3103,"comment_status":"open","ping_status":"open","sticky":false,"template":"","format":"standard","meta":{"footnotes":""},"categories":[188,187,181],"tags":[352,353,354,355,350,351],"class_list":["post-3101","post","type-post","status-publish","format-standard","has-post-thumbnail","hentry","category-experiencias","category-melhor-idade","category-viagem-em-grupo","tag-caldas-novas","tag-dedo-de-prosa","tag-encontro-dedo-de-prosa","tag-hotel-diroma","tag-melhor-idade","tag-terceira-idade"],"yoast_head":"<!-- This site is optimized with the Yoast SEO Premium plugin v18.8 (Yoast SEO v27.5) - https:\/\/yoast.com\/product\/yoast-seo-premium-wordpress\/ -->\n<title>Encontro Dedo de Prosa - Grupo de viagem da terceira idade<\/title>\n<meta name=\"description\" content=\"Encontro Nacional Dedo de Prosa acontecer\u00e1 em Caldas Novas Goi\u00e1s em maio de 2024, evento de sucesso com o p\u00fablico da terceira idade.\" \/>\n<meta name=\"robots\" content=\"index, follow, max-snippet:-1, max-image-preview:large, max-video-preview:-1\" \/>\n<link rel=\"canonical\" href=\"https:\/\/www.caminhosdoperegrino.com.br\/blog\/dedo-de-prosa-caldas-novas\/\" \/>\n<meta property=\"og:locale\" content=\"pt_BR\" \/>\n<meta property=\"og:type\" content=\"article\" \/>\n<meta property=\"og:title\" content=\"Encontro Dedo de Prosa - Grupo de viagem da terceira idade\" \/>\n<meta property=\"og:description\" content=\"Encontro Nacional Dedo de Prosa acontecer\u00e1 em Caldas Novas Goi\u00e1s em maio de 2024, evento de sucesso com o p\u00fablico da terceira idade.\" \/>\n<meta property=\"og:url\" content=\"https:\/\/www.caminhosdoperegrino.com.br\/blog\/dedo-de-prosa-caldas-novas\/\" \/>\n<meta property=\"og:site_name\" content=\"Caminhos do peregrino\" \/>\n<meta property=\"article:published_time\" content=\"2023-12-22T18:39:59+00:00\" \/>\n<meta property=\"article:modified_time\" content=\"2024-01-04T22:20:14+00:00\" \/>\n<meta property=\"og:image\" content=\"https:\/\/www.caminhosdoperegrino.com.br\/blog\/wp-content\/uploads\/2023\/12\/caldas-dedo-de-prosa-12.png\" \/>\n\t<meta property=\"og:image:width\" content=\"720\" \/>\n\t<meta property=\"og:image:height\" content=\"720\" \/>\n\t<meta property=\"og:image:type\" content=\"image\/png\" \/>\n<meta name=\"author\" content=\"LIA ALVES\" \/>\n<meta name=\"twitter:card\" content=\"summary_large_image\" \/>\n<meta name=\"twitter:label1\" content=\"Escrito por\" \/>\n\t<meta name=\"twitter:data1\" content=\"LIA ALVES\" \/>\n\t<meta name=\"twitter:label2\" content=\"Est. tempo de leitura\" \/>\n\t<meta name=\"twitter:data2\" content=\"7 minutos\" \/>\n<script type=\"application\/ld+json\" class=\"yoast-schema-graph\">{\"@context\":\"https:\\\/\\\/schema.org\",\"@graph\":[{\"@type\":\"Article\",\"@id\":\"https:\\\/\\\/www.caminhosdoperegrino.com.br\\\/blog\\\/dedo-de-prosa-caldas-novas\\\/#article\",\"isPartOf\":{\"@id\":\"https:\\\/\\\/www.caminhosdoperegrino.com.br\\\/blog\\\/dedo-de-prosa-caldas-novas\\\/\"},\"author\":{\"name\":\"LIA ALVES\",\"@id\":\"https:\\\/\\\/www.caminhosdoperegrino.com.br\\\/blog\\\/#\\\/schema\\\/person\\\/eab040bb0edcbc3df458360244a10ab5\"},\"headline\":\"Encontro Dedo de Prosa &#8211; Grupo de viagem da terceira idade\",\"datePublished\":\"2023-12-22T18:39:59+00:00\",\"dateModified\":\"2024-01-04T22:20:14+00:00\",\"mainEntityOfPage\":{\"@id\":\"https:\\\/\\\/www.caminhosdoperegrino.com.br\\\/blog\\\/dedo-de-prosa-caldas-novas\\\/\"},\"wordCount\":1112,\"commentCount\":0,\"publisher\":{\"@id\":\"https:\\\/\\\/www.caminhosdoperegrino.com.br\\\/blog\\\/#organization\"},\"image\":{\"@id\":\"https:\\\/\\\/www.caminhosdoperegrino.com.br\\\/blog\\\/dedo-de-prosa-caldas-novas\\\/#primaryimage\"},\"thumbnailUrl\":\"https:\\\/\\\/www.caminhosdoperegrino.com.br\\\/blog\\\/wp-content\\\/uploads\\\/2023\\\/12\\\/caldas-dedo-de-prosa-12.png\",\"keywords\":[\"Caldas Novas\",\"dedo de prosa\",\"encontro dedo de prosa\",\"hotel diroma\",\"melhor idade\",\"terceira idade\"],\"articleSection\":[\"Experi\u00eancias\",\"Melhor Idade\",\"Viagem em grupo\"],\"inLanguage\":\"pt-BR\",\"potentialAction\":[{\"@type\":\"CommentAction\",\"name\":\"Comment\",\"target\":[\"https:\\\/\\\/www.caminhosdoperegrino.com.br\\\/blog\\\/dedo-de-prosa-caldas-novas\\\/#respond\"]}],\"copyrightYear\":\"2023\",\"copyrightHolder\":{\"@id\":\"https:\\\/\\\/www.caminhosdoperegrino.com.br\\\/blog\\\/#organization\"}},{\"@type\":\"WebPage\",\"@id\":\"https:\\\/\\\/www.caminhosdoperegrino.com.br\\\/blog\\\/dedo-de-prosa-caldas-novas\\\/\",\"url\":\"https:\\\/\\\/www.caminhosdoperegrino.com.br\\\/blog\\\/dedo-de-prosa-caldas-novas\\\/\",\"name\":\"Encontro Dedo de Prosa - Grupo de viagem da terceira idade\",\"isPartOf\":{\"@id\":\"https:\\\/\\\/www.caminhosdoperegrino.com.br\\\/blog\\\/#website\"},\"primaryImageOfPage\":{\"@id\":\"https:\\\/\\\/www.caminhosdoperegrino.com.br\\\/blog\\\/dedo-de-prosa-caldas-novas\\\/#primaryimage\"},\"image\":{\"@id\":\"https:\\\/\\\/www.caminhosdoperegrino.com.br\\\/blog\\\/dedo-de-prosa-caldas-novas\\\/#primaryimage\"},\"thumbnailUrl\":\"https:\\\/\\\/www.caminhosdoperegrino.com.br\\\/blog\\\/wp-content\\\/uploads\\\/2023\\\/12\\\/caldas-dedo-de-prosa-12.png\",\"datePublished\":\"2023-12-22T18:39:59+00:00\",\"dateModified\":\"2024-01-04T22:20:14+00:00\",\"description\":\"Encontro Nacional Dedo de Prosa acontecer\u00e1 em Caldas Novas Goi\u00e1s em maio de 2024, evento de sucesso com o p\u00fablico da terceira idade.\",\"breadcrumb\":{\"@id\":\"https:\\\/\\\/www.caminhosdoperegrino.com.br\\\/blog\\\/dedo-de-prosa-caldas-novas\\\/#breadcrumb\"},\"inLanguage\":\"pt-BR\",\"potentialAction\":[{\"@type\":\"ReadAction\",\"target\":[\"https:\\\/\\\/www.caminhosdoperegrino.com.br\\\/blog\\\/dedo-de-prosa-caldas-novas\\\/\"]}]},{\"@type\":\"ImageObject\",\"inLanguage\":\"pt-BR\",\"@id\":\"https:\\\/\\\/www.caminhosdoperegrino.com.br\\\/blog\\\/dedo-de-prosa-caldas-novas\\\/#primaryimage\",\"url\":\"https:\\\/\\\/www.caminhosdoperegrino.com.br\\\/blog\\\/wp-content\\\/uploads\\\/2023\\\/12\\\/caldas-dedo-de-prosa-12.png\",\"contentUrl\":\"https:\\\/\\\/www.caminhosdoperegrino.com.br\\\/blog\\\/wp-content\\\/uploads\\\/2023\\\/12\\\/caldas-dedo-de-prosa-12.png\",\"width\":720,\"height\":720},{\"@type\":\"BreadcrumbList\",\"@id\":\"https:\\\/\\\/www.caminhosdoperegrino.com.br\\\/blog\\\/dedo-de-prosa-caldas-novas\\\/#breadcrumb\",\"itemListElement\":[{\"@type\":\"ListItem\",\"position\":1,\"name\":\"Home\",\"item\":\"https:\\\/\\\/www.caminhosdoperegrino.com.br\\\/blog\\\/\"},{\"@type\":\"ListItem\",\"position\":2,\"name\":\"Encontro Dedo de Prosa &#8211; Grupo de viagem da terceira idade\"}]},{\"@type\":\"WebSite\",\"@id\":\"https:\\\/\\\/www.caminhosdoperegrino.com.br\\\/blog\\\/#website\",\"url\":\"https:\\\/\\\/www.caminhosdoperegrino.com.br\\\/blog\\\/\",\"name\":\"Caminhos do peregrino\",\"description\":\"turismo religioso de experi\u00eancia\",\"publisher\":{\"@id\":\"https:\\\/\\\/www.caminhosdoperegrino.com.br\\\/blog\\\/#organization\"},\"potentialAction\":[{\"@type\":\"SearchAction\",\"target\":{\"@type\":\"EntryPoint\",\"urlTemplate\":\"https:\\\/\\\/www.caminhosdoperegrino.com.br\\\/blog\\\/?s={search_term_string}\"},\"query-input\":{\"@type\":\"PropertyValueSpecification\",\"valueRequired\":true,\"valueName\":\"search_term_string\"}}],\"inLanguage\":\"pt-BR\"},{\"@type\":\"Organization\",\"@id\":\"https:\\\/\\\/www.caminhosdoperegrino.com.br\\\/blog\\\/#organization\",\"name\":\"Caminhos do peregrino\",\"url\":\"https:\\\/\\\/www.caminhosdoperegrino.com.br\\\/blog\\\/\",\"logo\":{\"@type\":\"ImageObject\",\"inLanguage\":\"pt-BR\",\"@id\":\"https:\\\/\\\/www.caminhosdoperegrino.com.br\\\/blog\\\/#\\\/schema\\\/logo\\\/image\\\/\",\"url\":\"https:\\\/\\\/caminhosdoperegrino.com.br\\\/blog\\\/wp-content\\\/uploads\\\/2023\\\/12\\\/LOGO-VERDE.png\",\"contentUrl\":\"https:\\\/\\\/caminhosdoperegrino.com.br\\\/blog\\\/wp-content\\\/uploads\\\/2023\\\/12\\\/LOGO-VERDE.png\",\"width\":1015,\"height\":720,\"caption\":\"Caminhos do peregrino\"},\"image\":{\"@id\":\"https:\\\/\\\/www.caminhosdoperegrino.com.br\\\/blog\\\/#\\\/schema\\\/logo\\\/image\\\/\"},\"sameAs\":[\"https:\\\/\\\/www.instagram.com\\\/caminhosdoperegrino.com.br\\\/\"]},{\"@type\":\"Person\",\"@id\":\"https:\\\/\\\/www.caminhosdoperegrino.com.br\\\/blog\\\/#\\\/schema\\\/person\\\/eab040bb0edcbc3df458360244a10ab5\",\"name\":\"LIA ALVES\",\"image\":{\"@type\":\"ImageObject\",\"inLanguage\":\"pt-BR\",\"@id\":\"https:\\\/\\\/secure.gravatar.com\\\/avatar\\\/230149933f274eda93e8c80b00688c99f19fcc5b4ae2ae937b34b48b52341665?s=96&d=mm&r=g\",\"url\":\"https:\\\/\\\/secure.gravatar.com\\\/avatar\\\/230149933f274eda93e8c80b00688c99f19fcc5b4ae2ae937b34b48b52341665?s=96&d=mm&r=g\",\"contentUrl\":\"https:\\\/\\\/secure.gravatar.com\\\/avatar\\\/230149933f274eda93e8c80b00688c99f19fcc5b4ae2ae937b34b48b52341665?s=96&d=mm&r=g\",\"caption\":\"LIA ALVES\"},\"description\":\"Lia Alves \u00e9 formada em Administra\u00e7\u00e3o em Turismo pela PUC-Goi\u00e1s e MBA em Turismo: planejamento, gest\u00e3o e marketing pela Universidade Cat\u00f3lica de Bras\u00edlia. Ela \u00e9 apaixonada por viagens e cultura, e decidiu transformar sua experi\u00eancia pessoal em um neg\u00f3cio de sucesso. A Caminhos do Peregrino surgiu com o sonho de oferecer aos seus clientes uma experi\u00eancia \u00fanica, que envolve conhecer os principais pontos tur\u00edsticos de uma cidade, participar de atividades religiosas e culturais, e fortalecer a f\u00e9 crist\u00e3. A miss\u00e3o da Caminhos do Peregrino \u00e9 proporcionar aos seus clientes uma mem\u00f3ria afetiva que transcenda o tempo e o espa\u00e7o. Se voc\u00ea quiser saber mais sobre ela ou sobre a Caminhos do Peregrino, voc\u00ea pode visitar o site oficial da empresa ou seguir as redes sociais dela.\",\"url\":\"https:\\\/\\\/www.caminhosdoperegrino.com.br\\\/blog\\\/author\\\/lia\\\/\"}]}<\/script>\n<!-- \/ Yoast SEO Premium plugin. -->","yoast_head_json":{"title":"Encontro Dedo de Prosa - Grupo de viagem da terceira idade","description":"Encontro Nacional Dedo de Prosa acontecer\u00e1 em Caldas Novas Goi\u00e1s em maio de 2024, evento de sucesso com o p\u00fablico da terceira idade.","robots":{"index":"index","follow":"follow","max-snippet":"max-snippet:-1","max-image-preview":"max-image-preview:large","max-video-preview":"max-video-preview:-1"},"canonical":"https:\/\/www.caminhosdoperegrino.com.br\/blog\/dedo-de-prosa-caldas-novas\/","og_locale":"pt_BR","og_type":"article","og_title":"Encontro Dedo de Prosa - Grupo de viagem da terceira idade","og_description":"Encontro Nacional Dedo de Prosa acontecer\u00e1 em Caldas Novas Goi\u00e1s em maio de 2024, evento de sucesso com o p\u00fablico da terceira idade.","og_url":"https:\/\/www.caminhosdoperegrino.com.br\/blog\/dedo-de-prosa-caldas-novas\/","og_site_name":"Caminhos do peregrino","article_published_time":"2023-12-22T18:39:59+00:00","article_modified_time":"2024-01-04T22:20:14+00:00","og_image":[{"width":720,"height":720,"url":"https:\/\/www.caminhosdoperegrino.com.br\/blog\/wp-content\/uploads\/2023\/12\/caldas-dedo-de-prosa-12.png","type":"image\/png"}],"author":"LIA ALVES","twitter_card":"summary_large_image","twitter_misc":{"Escrito por":"LIA ALVES","Est. tempo de leitura":"7 minutos"},"schema":{"@context":"https:\/\/schema.org","@graph":[{"@type":"Article","@id":"https:\/\/www.caminhosdoperegrino.com.br\/blog\/dedo-de-prosa-caldas-novas\/#article","isPartOf":{"@id":"https:\/\/www.caminhosdoperegrino.com.br\/blog\/dedo-de-prosa-caldas-novas\/"},"author":{"name":"LIA ALVES","@id":"https:\/\/www.caminhosdoperegrino.com.br\/blog\/#\/schema\/person\/eab040bb0edcbc3df458360244a10ab5"},"headline":"Encontro Dedo de Prosa &#8211; Grupo de viagem da terceira idade","datePublished":"2023-12-22T18:39:59+00:00","dateModified":"2024-01-04T22:20:14+00:00","mainEntityOfPage":{"@id":"https:\/\/www.caminhosdoperegrino.com.br\/blog\/dedo-de-prosa-caldas-novas\/"},"wordCount":1112,"commentCount":0,"publisher":{"@id":"https:\/\/www.caminhosdoperegrino.com.br\/blog\/#organization"},"image":{"@id":"https:\/\/www.caminhosdoperegrino.com.br\/blog\/dedo-de-prosa-caldas-novas\/#primaryimage"},"thumbnailUrl":"https:\/\/www.caminhosdoperegrino.com.br\/blog\/wp-content\/uploads\/2023\/12\/caldas-dedo-de-prosa-12.png","keywords":["Caldas Novas","dedo de prosa","encontro dedo de prosa","hotel diroma","melhor idade","terceira idade"],"articleSection":["Experi\u00eancias","Melhor Idade","Viagem em grupo"],"inLanguage":"pt-BR","potentialAction":[{"@type":"CommentAction","name":"Comment","target":["https:\/\/www.caminhosdoperegrino.com.br\/blog\/dedo-de-prosa-caldas-novas\/#respond"]}],"copyrightYear":"2023","copyrightHolder":{"@id":"https:\/\/www.caminhosdoperegrino.com.br\/blog\/#organization"}},{"@type":"WebPage","@id":"https:\/\/www.caminhosdoperegrino.com.br\/blog\/dedo-de-prosa-caldas-novas\/","url":"https:\/\/www.caminhosdoperegrino.com.br\/blog\/dedo-de-prosa-caldas-novas\/","name":"Encontro Dedo de Prosa - Grupo de viagem da terceira idade","isPartOf":{"@id":"https:\/\/www.caminhosdoperegrino.com.br\/blog\/#website"},"primaryImageOfPage":{"@id":"https:\/\/www.caminhosdoperegrino.com.br\/blog\/dedo-de-prosa-caldas-novas\/#primaryimage"},"image":{"@id":"https:\/\/www.caminhosdoperegrino.com.br\/blog\/dedo-de-prosa-caldas-novas\/#primaryimage"},"thumbnailUrl":"https:\/\/www.caminhosdoperegrino.com.br\/blog\/wp-content\/uploads\/2023\/12\/caldas-dedo-de-prosa-12.png","datePublished":"2023-12-22T18:39:59+00:00","dateModified":"2024-01-04T22:20:14+00:00","description":"Encontro Nacional Dedo de Prosa acontecer\u00e1 em Caldas Novas Goi\u00e1s em maio de 2024, evento de sucesso com o p\u00fablico da terceira idade.","breadcrumb":{"@id":"https:\/\/www.caminhosdoperegrino.com.br\/blog\/dedo-de-prosa-caldas-novas\/#breadcrumb"},"inLanguage":"pt-BR","potentialAction":[{"@type":"ReadAction","target":["https:\/\/www.caminhosdoperegrino.com.br\/blog\/dedo-de-prosa-caldas-novas\/"]}]},{"@type":"ImageObject","inLanguage":"pt-BR","@id":"https:\/\/www.caminhosdoperegrino.com.br\/blog\/dedo-de-prosa-caldas-novas\/#primaryimage","url":"https:\/\/www.caminhosdoperegrino.com.br\/blog\/wp-content\/uploads\/2023\/12\/caldas-dedo-de-prosa-12.png","contentUrl":"https:\/\/www.caminhosdoperegrino.com.br\/blog\/wp-content\/uploads\/2023\/12\/caldas-dedo-de-prosa-12.png","width":720,"height":720},{"@type":"BreadcrumbList","@id":"https:\/\/www.caminhosdoperegrino.com.br\/blog\/dedo-de-prosa-caldas-novas\/#breadcrumb","itemListElement":[{"@type":"ListItem","position":1,"name":"Home","item":"https:\/\/www.caminhosdoperegrino.com.br\/blog\/"},{"@type":"ListItem","position":2,"name":"Encontro Dedo de Prosa &#8211; Grupo de viagem da terceira idade"}]},{"@type":"WebSite","@id":"https:\/\/www.caminhosdoperegrino.com.br\/blog\/#website","url":"https:\/\/www.caminhosdoperegrino.com.br\/blog\/","name":"Caminhos do peregrino","description":"turismo religioso de experi\u00eancia","publisher":{"@id":"https:\/\/www.caminhosdoperegrino.com.br\/blog\/#organization"},"potentialAction":[{"@type":"SearchAction","target":{"@type":"EntryPoint","urlTemplate":"https:\/\/www.caminhosdoperegrino.com.br\/blog\/?s={search_term_string}"},"query-input":{"@type":"PropertyValueSpecification","valueRequired":true,"valueName":"search_term_string"}}],"inLanguage":"pt-BR"},{"@type":"Organization","@id":"https:\/\/www.caminhosdoperegrino.com.br\/blog\/#organization","name":"Caminhos do peregrino","url":"https:\/\/www.caminhosdoperegrino.com.br\/blog\/","logo":{"@type":"ImageObject","inLanguage":"pt-BR","@id":"https:\/\/www.caminhosdoperegrino.com.br\/blog\/#\/schema\/logo\/image\/","url":"https:\/\/caminhosdoperegrino.com.br\/blog\/wp-content\/uploads\/2023\/12\/LOGO-VERDE.png","contentUrl":"https:\/\/caminhosdoperegrino.com.br\/blog\/wp-content\/uploads\/2023\/12\/LOGO-VERDE.png","width":1015,"height":720,"caption":"Caminhos do peregrino"},"image":{"@id":"https:\/\/www.caminhosdoperegrino.com.br\/blog\/#\/schema\/logo\/image\/"},"sameAs":["https:\/\/www.instagram.com\/caminhosdoperegrino.com.br\/"]},{"@type":"Person","@id":"https:\/\/www.caminhosdoperegrino.com.br\/blog\/#\/schema\/person\/eab040bb0edcbc3df458360244a10ab5","name":"LIA ALVES","image":{"@type":"ImageObject","inLanguage":"pt-BR","@id":"https:\/\/secure.gravatar.com\/avatar\/230149933f274eda93e8c80b00688c99f19fcc5b4ae2ae937b34b48b52341665?s=96&d=mm&r=g","url":"https:\/\/secure.gravatar.com\/avatar\/230149933f274eda93e8c80b00688c99f19fcc5b4ae2ae937b34b48b52341665?s=96&d=mm&r=g","contentUrl":"https:\/\/secure.gravatar.com\/avatar\/230149933f274eda93e8c80b00688c99f19fcc5b4ae2ae937b34b48b52341665?s=96&d=mm&r=g","caption":"LIA ALVES"},"description":"Lia Alves \u00e9 formada em Administra\u00e7\u00e3o em Turismo pela PUC-Goi\u00e1s e MBA em Turismo: planejamento, gest\u00e3o e marketing pela Universidade Cat\u00f3lica de Bras\u00edlia. Ela \u00e9 apaixonada por viagens e cultura, e decidiu transformar sua experi\u00eancia pessoal em um neg\u00f3cio de sucesso. A Caminhos do Peregrino surgiu com o sonho de oferecer aos seus clientes uma experi\u00eancia \u00fanica, que envolve conhecer os principais pontos tur\u00edsticos de uma cidade, participar de atividades religiosas e culturais, e fortalecer a f\u00e9 crist\u00e3. A miss\u00e3o da Caminhos do Peregrino \u00e9 proporcionar aos seus clientes uma mem\u00f3ria afetiva que transcenda o tempo e o espa\u00e7o. Se voc\u00ea quiser saber mais sobre ela ou sobre a Caminhos do Peregrino, voc\u00ea pode visitar o site oficial da empresa ou seguir as redes sociais dela.","url":"https:\/\/www.caminhosdoperegrino.com.br\/blog\/author\/lia\/"}]}},"amp_enabled":true,"_links":{"self":[{"href":"https:\/\/www.caminhosdoperegrino.com.br\/blog\/wp-json\/wp\/v2\/posts\/3101","targetHints":{"allow":["GET"]}}],"collection":[{"href":"https:\/\/www.caminhosdoperegrino.com.br\/blog\/wp-json\/wp\/v2\/posts"}],"about":[{"href":"https:\/\/www.caminhosdoperegrino.com.br\/blog\/wp-json\/wp\/v2\/types\/post"}],"author":[{"embeddable":true,"href":"https:\/\/www.caminhosdoperegrino.com.br\/blog\/wp-json\/wp\/v2\/users\/40"}],"replies":[{"embeddable":true,"href":"https:\/\/www.caminhosdoperegrino.com.br\/blog\/wp-json\/wp\/v2\/comments?post=3101"}],"version-history":[{"count":20,"href":"https:\/\/www.caminhosdoperegrino.com.br\/blog\/wp-json\/wp\/v2\/posts\/3101\/revisions"}],"predecessor-version":[{"id":3292,"href":"https:\/\/www.caminhosdoperegrino.com.br\/blog\/wp-json\/wp\/v2\/posts\/3101\/revisions\/3292"}],"wp:featuredmedia":[{"embeddable":true,"href":"https:\/\/www.caminhosdoperegrino.com.br\/blog\/wp-json\/wp\/v2\/media\/3103"}],"wp:attachment":[{"href":"https:\/\/www.caminhosdoperegrino.com.br\/blog\/wp-json\/wp\/v2\/media?parent=3101"}],"wp:term":[{"taxonomy":"category","embeddable":true,"href":"https:\/\/www.caminhosdoperegrino.com.br\/blog\/wp-json\/wp\/v2\/categories?post=3101"},{"taxonomy":"post_tag","embeddable":true,"href":"https:\/\/www.caminhosdoperegrino.com.br\/blog\/wp-json\/wp\/v2\/tags?post=3101"}],"curies":[{"name":"wp","href":"https:\/\/api.w.org\/{rel}","templated":true}]}}