{"id":3079,"date":"2022-06-28T20:59:56","date_gmt":"2022-06-28T20:59:56","guid":{"rendered":"https:\/\/caminhosdoperegrino.com.br\/blog\/?p=3079"},"modified":"2023-12-26T14:45:19","modified_gmt":"2023-12-26T14:45:19","slug":"planejamento-viagem","status":"publish","type":"post","link":"https:\/\/www.caminhosdoperegrino.com.br\/blog\/planejamento-viagem\/","title":{"rendered":"Planejamento de viagem com a ag\u00eancia Caminhos do peregrino"},"content":{"rendered":"\n<p>Voc\u00ea faz planejamento de viagem ou simplesmente decide um destino e vai? J\u00e1 experimentou procurar uma ag\u00eancia de viagens? Quando est\u00e1 pensando em fazer uma viagem, sabe qual destino por onde come\u00e7ar? <\/p>\n\n\n\n<p>Tem interesse em viver uma experi\u00eancia de f\u00e9 em sua viagem? Por outro lado tamb\u00e9m deseja conhecer a cultura, hist\u00f3ria   e n\u00e3o sabe como planejar para dar tudo certo? Ent\u00e3o, voc\u00ea precisa conhecer a ag\u00eancia Caminhos do Peregrino, a melhor op\u00e7\u00e3o para organiza\u00e7\u00e3o e planejamento da sua viagem dos sonhos.<\/p>\n\n\n\n<p><strong>Um planejamento de viagem especializado no destino religioso e cultural com uma ag\u00eancia faz diferen\u00e7a?<\/strong><\/p>\n\n\n\n<p>A ag\u00eancia Caminhos do Peregrino \u00e9 especializada em viagens religiosas, com destinos nacionais e internacionais. Eles que v\u00e3o desde o Brasil at\u00e9 a Europa, passando pelo Oriente M\u00e9dio e pela \u00c1frica. <\/p>\n\n\n\n<p>Oferecer pacotes personalizados e completos, com hospedagem, transporte, alimenta\u00e7\u00e3o, guias, seguro viagem e assist\u00eancia 24 horas \u00e9 especialidade da Caminhos do peregrino.<\/p>\n\n\n\n<p>Al\u00e9m disso, a equipe de profissionais qualificados est\u00e1 pronta para te apresentar os melhores roteiros. As dicas exclusivas para tornar a sua viagem inesquec\u00edvel, tornam a viagem m\u00e1gica. <a href=\"https:\/\/caminhosdoperegrino.com.br\/blog\/como-surgiu-agencia\/\">Clique aqui<\/a> e saiba como surgiu a ag\u00eancia.<\/p>\n\n\n\n<h2 class=\"wp-block-heading\" id=\"h-planejamento-dos-detalhes-da-viagem-religiosa\">Planejamento dos detalhes da viagem religiosa<\/h2>\n\n\n\n<p>Para fazer uma viagem religiosa mesmo assim precisa de um planejamento detalhado? Sim, porque uma viagem religiosa n\u00e3o \u00e9 apenas um passeio. Mas uma oportunidade de crescimento espiritual, de contato com o sagrado, de reflex\u00e3o sobre a vida e de comunh\u00e3o com Deus. <\/p>\n\n\n\n<p>Para viver essa experi\u00eancia requer prepara\u00e7\u00e3o, cuidado e aten\u00e7\u00e3o, para que voc\u00ea possa aproveitar ao m\u00e1ximo cada momento e lugar. Por isso, a ag\u00eancia Caminhos do Peregrino se preocupa em oferecer a voc\u00ea um servi\u00e7o de qualidade, que atenda \u00e0s suas expectativas e necessidades, e que respeite a sua f\u00e9 e a sua individualidade.<\/p>\n\n\n\n<figure class=\"wp-block-image size-large\"><img fetchpriority=\"high\" decoding=\"async\" width=\"1024\" height=\"292\" src=\"https:\/\/caminhosdoperegrino.com.br\/blog\/wp-content\/uploads\/2022\/06\/SOLICITAR-ATENDIMENTO-2-1024x292.png\" alt=\"\" class=\"wp-image-3116\" srcset=\"https:\/\/www.caminhosdoperegrino.com.br\/blog\/wp-content\/uploads\/2022\/06\/SOLICITAR-ATENDIMENTO-2-1024x292.png 1024w, https:\/\/www.caminhosdoperegrino.com.br\/blog\/wp-content\/uploads\/2022\/06\/SOLICITAR-ATENDIMENTO-2-300x85.png 300w, https:\/\/www.caminhosdoperegrino.com.br\/blog\/wp-content\/uploads\/2022\/06\/SOLICITAR-ATENDIMENTO-2-768x219.png 768w, https:\/\/www.caminhosdoperegrino.com.br\/blog\/wp-content\/uploads\/2022\/06\/SOLICITAR-ATENDIMENTO-2-1536x437.png 1536w, https:\/\/www.caminhosdoperegrino.com.br\/blog\/wp-content\/uploads\/2022\/06\/SOLICITAR-ATENDIMENTO-2.png 1280w\" sizes=\"(max-width: 1024px) 100vw, 1024px\" \/><\/figure>\n\n\n\n<h2 class=\"wp-block-heading\" id=\"h-destinos-de-experiencia-religiosa\">Destinos de experi\u00eancia religiosa<\/h2>\n\n\n\n<p>O roteiro para uma viagem ou peregrina\u00e7\u00e3o \u00e9 bem diversificado, aqui tem alguns dos diversos destinos que voc\u00ea pode embarcar e viver uma experi\u00eancia nova a cada viagem como:<\/p>\n\n\n\n<ul class=\"wp-block-list\">\n<li><strong>Aparecida do Norte<\/strong>, a cidade da padroeira do Brasil, onde voc\u00ea pode visitar o Santu\u00e1rio Nacional de Nossa Senhora Aparecida, a Bas\u00edlica Velha, o Morro do Cruzeiro, o Porto Itagua\u00e7u e o Museu de Cera;<\/li>\n\n\n\n<li><strong>Jerusal\u00e9m,<\/strong> a cidade santa para as tr\u00eas grandes religi\u00f5es monote\u00edstas, onde voc\u00ea pode conhecer o Muro das Lamenta\u00e7\u00f5es, o Monte das Oliveiras, o Santo Sepulcro, a Via Dolorosa e o Jardim do Gets\u00eamani;<\/li>\n\n\n\n<li><strong>F\u00e1tima,<\/strong> a cidade das apari\u00e7\u00f5es de Nossa Senhora, onde voc\u00ea pode visitar a Capela das Apari\u00e7\u00f5es, a Bas\u00edlica de Nossa Senhora do Ros\u00e1rio, a Bas\u00edlica da Sant\u00edssima Trindade, o Museu de Arte Sacra e o Valinhos;<\/li>\n\n\n\n<li><strong>Roma<\/strong>, a cidade eterna, onde voc\u00ea pode admirar a Bas\u00edlica de S\u00e3o Pedro, a Capela Sistina, o Coliseu, a Fontana di Trevi e o Pante\u00e3o;<\/li>\n\n\n\n<li><strong>Cruzeiro pelo rio Nilo<\/strong> contemplando as belezas do Egito e descobrir o auge da arquitetura antiga das pir\u00e2mides, visita a uma galeria de papiros com almo\u00e7o em restaurante local, tour com Jeep 4&#215;4 pelo Sahara com parada em torno de um lago m\u00e1gico no deserto.<\/li>\n<\/ul>\n\n\n\n<p><strong>E muito mais!<\/strong><\/p>\n\n\n\n<figure class=\"wp-block-image size-full\"><img decoding=\"async\" width=\"180\" height=\"80\" src=\"https:\/\/caminhosdoperegrino.com.br\/blog\/wp-content\/uploads\/2022\/06\/Design-sem-nome-10.png\" alt=\"\" class=\"wp-image-3114\"\/><\/figure>\n\n\n\n<p>N\u00e3o perca tempo e fa\u00e7a j\u00e1 a sua reserva com a ag\u00eancia Caminhos do Peregrino, a sua melhor companheira de viagem. Voc\u00ea vai se surpreender com os benef\u00edcios e as vantagens que a ag\u00eancia tem para oferecer. Amplie o sentimento de estar mais pr\u00f3ximo de Deus e de si mesmo. Viva uma viagem exterior que reflete na viagem interior. Voc\u00ea vai se tornar um verdadeiro peregrino.<\/p>\n\n\n\n<p><\/p>\n\n\n\n<h2 class=\"wp-block-heading\" id=\"h-o-que-a-agencia-pode-oferecer-com-o-planejamento-da-viagem\">O que a ag\u00eancia pode oferecer com o planejamento da viagem?<\/h2>\n\n\n\n<p>Mas n\u00e3o se engane, a ag\u00eancia Caminhos do Peregrino n\u00e3o \u00e9 apenas uma ag\u00eancia de turismo, \u00e9 uma ag\u00eancia de transforma\u00e7\u00e3o. A preocupa\u00e7\u00e3o em oferecer uma viagem que seja n\u00e3o s\u00f3 um passeio, mas uma jornada de f\u00e9, aprendizado, reflex\u00e3o, ora\u00e7\u00e3o, a\u00e7\u00e3o social e de comunh\u00e3o, \u00e9 a miss\u00e3o da ag\u00eancia. <\/p>\n\n\n\n<p>Com esse princ\u00edpio, a ag\u00eancia conta com uma equipe de profissionais qualificados e experientes, que acompanham os peregrinos desde o planejamento at\u00e9 o retorno da viagem, dando todo o suporte, a orienta\u00e7\u00e3o, a assist\u00eancia e a seguran\u00e7a necess\u00e1rios. Ali\u00e1s, a ag\u00eancia oferece servi\u00e7os diferenciados, como:<\/p>\n\n\n\n<ul class=\"wp-block-list\">\n<li>Guias locais especializados e fluentes em portugu\u00eas, que conhecem a fundo a hist\u00f3ria, a cultura, a religi\u00e3o e a geografia dos lugares visitados.<\/li>\n\n\n\n<li>Acompanhamento espiritual de padres, pastores, rabinos ou l\u00edderes religiosos, que conduzem celebra\u00e7\u00f5es, missas, cultos, rituais, medita\u00e7\u00f5es e momentos de partilha ao longo da viagem.<\/li>\n\n\n\n<li>Acompanhamento cultural de professores, historiadores, arque\u00f3logos ou escritores, que enriquecem a viagem com informa\u00e7\u00f5es, curiosidades, an\u00e1lises e interpreta\u00e7\u00f5es dos fatos e das obras.<\/li>\n\n\n\n<li>Acompanhamento social de volunt\u00e1rios, ONGs, institui\u00e7\u00f5es ou comunidades, que promovem a\u00e7\u00f5es solid\u00e1rias, doa\u00e7\u00f5es, visitas, interc\u00e2mbios e integra\u00e7\u00f5es com as pessoas e os projetos locais.<\/li>\n\n\n\n<li>Hospedagem em hot\u00e9is confort\u00e1veis, bem localizados e com boa infraestrutura.<\/li>\n\n\n\n<li>Transporte em \u00f4nibus modernos, seguros e climatizados.<\/li>\n\n\n\n<li>Alimenta\u00e7\u00e3o de qualidade, com caf\u00e9 da manh\u00e3, almo\u00e7o e jantar inclusos, respeitando as prefer\u00eancias e as restri\u00e7\u00f5es alimentares dos peregrinos.<\/li>\n\n\n\n<li>Seguro viagem, que cobre eventuais imprevistos, como acidentes, doen\u00e7as, cancelamentos, extravios, etc.<\/li>\n\n\n\n<li>Kit viagem, que poder\u00e3o conter uma mochila, uma camiseta, um bon\u00e9, um livro, um mapa, um ter\u00e7o, uma medalha e outros itens personalizados da ag\u00eancia.<\/li>\n\n\n\n<li><\/li>\n<\/ul>\n\n\n\n<h2 class=\"wp-block-heading\" id=\"h-conheca-a-caminhos-do-peregrino\">Conhe\u00e7a a caminhos do peregrino<\/h2>\n\n\n\n<p>Como voc\u00ea pode ver, a ag\u00eancia Caminhos do Peregrino \u00e9 a melhor escolha para quem quer fazer uma viagem que seja mais do que um turismo, mas uma peregrina\u00e7\u00e3o. Uma viagem que seja planejada, organizada e realizada com profissionalismo, qualidade e carinho. Ter uma oportunidade de conhecer o mundo, mas tamb\u00e9m de conhecer a si mesmo, de se conectar com Deus, com a natureza, com a hist\u00f3ria, com a cultura e com as pessoas. Adquirir uma fonte de inspira\u00e7\u00e3o, de renova\u00e7\u00e3o, de convers\u00e3o e de gratid\u00e3o atrav\u00e9s da viagem.<\/p>\n\n\n\n<p>Se voc\u00ea se interessou pela ag\u00eancia Caminhos do Peregrino, n\u00e3o perca tempo e entre em contato pelo site www.caminhosdoperegrino.com.br\/blog, telefone (62) 98112-0397, e-mail contato@caminhosdoperegrino.com.br. ou Instagram @caminhosdoperegrino.com.br.  L\u00e1 voc\u00ea pode conferir os roteiros dispon\u00edveis, os pre\u00e7os, as condi\u00e7\u00f5es de pagamento, as datas de sa\u00edda, os depoimentos de quem j\u00e1 viajou com a ag\u00eancia e muito mais.<\/p>\n\n\n\n<p>Gostou dessa ideia? Que tal solicitar um roteiro personalizado para sua pr\u00f3xima viagem pelo Mundo?&nbsp;<a href=\"https:\/\/caminhosdoperegrino.rds.land\/melhores-ofertas-personalizadas\" target=\"_blank\" rel=\"noreferrer noopener\"><u>Clique aqui<\/u><\/a><\/p>\n\n\n\n<figure class=\"wp-block-image size-large\"><a href=\"https:\/\/caminhosdoperegrino.rds.land\/melhores-ofertas-personalizadas\"><img decoding=\"async\" width=\"1024\" height=\"292\" src=\"https:\/\/caminhosdoperegrino.com.br\/blog\/wp-content\/uploads\/2022\/06\/SOLICITAR-ATENDIMENTO-1-1024x292.png\" alt=\"\" class=\"wp-image-3117\" srcset=\"https:\/\/www.caminhosdoperegrino.com.br\/blog\/wp-content\/uploads\/2022\/06\/SOLICITAR-ATENDIMENTO-1-1024x292.png 1024w, https:\/\/www.caminhosdoperegrino.com.br\/blog\/wp-content\/uploads\/2022\/06\/SOLICITAR-ATENDIMENTO-1-300x85.png 300w, https:\/\/www.caminhosdoperegrino.com.br\/blog\/wp-content\/uploads\/2022\/06\/SOLICITAR-ATENDIMENTO-1-768x219.png 768w, https:\/\/www.caminhosdoperegrino.com.br\/blog\/wp-content\/uploads\/2022\/06\/SOLICITAR-ATENDIMENTO-1-1536x437.png 1536w, https:\/\/www.caminhosdoperegrino.com.br\/blog\/wp-content\/uploads\/2022\/06\/SOLICITAR-ATENDIMENTO-1.png 1280w\" sizes=\"(max-width: 1024px) 100vw, 1024px\" \/><\/a><\/figure>\n\n\n\n<h2 class=\"wp-block-heading\" id=\"h-\"><\/h2>\n","protected":false},"excerpt":{"rendered":"<p>Voc\u00ea faz planejamento de viagem ou simplesmente decide um destino e vai? J\u00e1 experimentou procurar uma ag\u00eancia de viagens? Quando est\u00e1 pensando em fazer uma viagem, sabe qual destino por onde come\u00e7ar? Tem interesse em viver uma experi\u00eancia de f\u00e9 em sua viagem? Por outro lado tamb\u00e9m deseja conhecer a cultura, hist\u00f3ria e n\u00e3o sabe [&hellip;]<\/p>\n","protected":false},"author":40,"featured_media":3113,"comment_status":"open","ping_status":"open","sticky":false,"template":"","format":"standard","meta":{"footnotes":""},"categories":[250,176,188],"tags":[361,360,362,358,357,260,253,359],"class_list":["post-3079","post","type-post","status-publish","format-standard","has-post-thumbnail","hentry","category-consultoria-de-viagens","category-dicas-de-viagens","category-experiencias","tag-caminhos-do-peregrino","tag-consultoria-de-viagem","tag-escolha-seu-destino","tag-experiencias","tag-planejamento-de-viagem","tag-roteiro-personalizado","tag-turismo-de-experiencia","tag-viagens-culturais"],"yoast_head":"<!-- This site is optimized with the Yoast SEO Premium plugin v18.8 (Yoast SEO v27.5) - https:\/\/yoast.com\/product\/yoast-seo-premium-wordpress\/ -->\n<title>Planejamento de viagem com a ag\u00eancia Caminhos do peregrino - Caminhos do peregrino<\/title>\n<meta name=\"description\" content=\"Caminhos do peregrino faz seu planejamento de viagem personalizado para que voc\u00ea tenha uma experi\u00eancia especial e momentos inesquec\u00edveis.\" \/>\n<meta name=\"robots\" content=\"index, follow, max-snippet:-1, max-image-preview:large, max-video-preview:-1\" \/>\n<link rel=\"canonical\" href=\"https:\/\/www.caminhosdoperegrino.com.br\/blog\/planejamento-viagem\/\" \/>\n<meta property=\"og:locale\" content=\"pt_BR\" \/>\n<meta property=\"og:type\" content=\"article\" \/>\n<meta property=\"og:title\" content=\"Planejamento de viagem com a ag\u00eancia Caminhos do peregrino\" \/>\n<meta property=\"og:description\" content=\"Caminhos do peregrino faz seu planejamento de viagem personalizado para que voc\u00ea tenha uma experi\u00eancia especial e momentos inesquec\u00edveis.\" \/>\n<meta property=\"og:url\" content=\"https:\/\/www.caminhosdoperegrino.com.br\/blog\/planejamento-viagem\/\" \/>\n<meta property=\"og:site_name\" content=\"Caminhos do peregrino\" \/>\n<meta property=\"article:published_time\" content=\"2022-06-28T20:59:56+00:00\" \/>\n<meta property=\"article:modified_time\" content=\"2023-12-26T14:45:19+00:00\" \/>\n<meta property=\"og:image\" content=\"https:\/\/www.caminhosdoperegrino.com.br\/blog\/wp-content\/uploads\/2022\/06\/passo-a-passo-para-voce-organizar-sua-viagem-com-o-nosso-planner-scaled.jpg\" \/>\n\t<meta property=\"og:image:width\" content=\"1080\" \/>\n\t<meta property=\"og:image:height\" content=\"720\" \/>\n\t<meta property=\"og:image:type\" content=\"image\/jpeg\" \/>\n<meta name=\"author\" content=\"LIA ALVES\" \/>\n<meta name=\"twitter:card\" content=\"summary_large_image\" \/>\n<meta name=\"twitter:label1\" content=\"Escrito por\" \/>\n\t<meta name=\"twitter:data1\" content=\"LIA ALVES\" \/>\n\t<meta name=\"twitter:label2\" content=\"Est. tempo de leitura\" \/>\n\t<meta name=\"twitter:data2\" content=\"3 minutos\" \/>\n<script type=\"application\/ld+json\" class=\"yoast-schema-graph\">{\"@context\":\"https:\\\/\\\/schema.org\",\"@graph\":[{\"@type\":\"Article\",\"@id\":\"https:\\\/\\\/www.caminhosdoperegrino.com.br\\\/blog\\\/planejamento-viagem\\\/#article\",\"isPartOf\":{\"@id\":\"https:\\\/\\\/www.caminhosdoperegrino.com.br\\\/blog\\\/planejamento-viagem\\\/\"},\"author\":{\"name\":\"LIA ALVES\",\"@id\":\"https:\\\/\\\/www.caminhosdoperegrino.com.br\\\/blog\\\/#\\\/schema\\\/person\\\/eab040bb0edcbc3df458360244a10ab5\"},\"headline\":\"Planejamento de viagem com a ag\u00eancia Caminhos do peregrino\",\"datePublished\":\"2022-06-28T20:59:56+00:00\",\"dateModified\":\"2023-12-26T14:45:19+00:00\",\"mainEntityOfPage\":{\"@id\":\"https:\\\/\\\/www.caminhosdoperegrino.com.br\\\/blog\\\/planejamento-viagem\\\/\"},\"wordCount\":1147,\"commentCount\":0,\"publisher\":{\"@id\":\"https:\\\/\\\/www.caminhosdoperegrino.com.br\\\/blog\\\/#organization\"},\"image\":{\"@id\":\"https:\\\/\\\/www.caminhosdoperegrino.com.br\\\/blog\\\/planejamento-viagem\\\/#primaryimage\"},\"thumbnailUrl\":\"https:\\\/\\\/www.caminhosdoperegrino.com.br\\\/blog\\\/wp-content\\\/uploads\\\/2022\\\/06\\\/passo-a-passo-para-voce-organizar-sua-viagem-com-o-nosso-planner-scaled.jpg\",\"keywords\":[\"caminhos do peregrino\",\"consultoria de viagem\",\"escolha seu destino\",\"experi\u00eancias\",\"planejamento de viagem\",\"roteiro personalizado\",\"turismo de experi\u00eancia\",\"viagens culturais\"],\"articleSection\":[\"Consultoria de viagens\",\"Dicas de Viagens\",\"Experi\u00eancias\"],\"inLanguage\":\"pt-BR\",\"potentialAction\":[{\"@type\":\"CommentAction\",\"name\":\"Comment\",\"target\":[\"https:\\\/\\\/www.caminhosdoperegrino.com.br\\\/blog\\\/planejamento-viagem\\\/#respond\"]}],\"copyrightYear\":\"2022\",\"copyrightHolder\":{\"@id\":\"https:\\\/\\\/www.caminhosdoperegrino.com.br\\\/blog\\\/#organization\"}},{\"@type\":\"WebPage\",\"@id\":\"https:\\\/\\\/www.caminhosdoperegrino.com.br\\\/blog\\\/planejamento-viagem\\\/\",\"url\":\"https:\\\/\\\/www.caminhosdoperegrino.com.br\\\/blog\\\/planejamento-viagem\\\/\",\"name\":\"Planejamento de viagem com a ag\u00eancia Caminhos do peregrino - Caminhos do peregrino\",\"isPartOf\":{\"@id\":\"https:\\\/\\\/www.caminhosdoperegrino.com.br\\\/blog\\\/#website\"},\"primaryImageOfPage\":{\"@id\":\"https:\\\/\\\/www.caminhosdoperegrino.com.br\\\/blog\\\/planejamento-viagem\\\/#primaryimage\"},\"image\":{\"@id\":\"https:\\\/\\\/www.caminhosdoperegrino.com.br\\\/blog\\\/planejamento-viagem\\\/#primaryimage\"},\"thumbnailUrl\":\"https:\\\/\\\/www.caminhosdoperegrino.com.br\\\/blog\\\/wp-content\\\/uploads\\\/2022\\\/06\\\/passo-a-passo-para-voce-organizar-sua-viagem-com-o-nosso-planner-scaled.jpg\",\"datePublished\":\"2022-06-28T20:59:56+00:00\",\"dateModified\":\"2023-12-26T14:45:19+00:00\",\"description\":\"Caminhos do peregrino faz seu planejamento de viagem personalizado para que voc\u00ea tenha uma experi\u00eancia especial e momentos inesquec\u00edveis.\",\"breadcrumb\":{\"@id\":\"https:\\\/\\\/www.caminhosdoperegrino.com.br\\\/blog\\\/planejamento-viagem\\\/#breadcrumb\"},\"inLanguage\":\"pt-BR\",\"potentialAction\":[{\"@type\":\"ReadAction\",\"target\":[\"https:\\\/\\\/www.caminhosdoperegrino.com.br\\\/blog\\\/planejamento-viagem\\\/\"]}]},{\"@type\":\"ImageObject\",\"inLanguage\":\"pt-BR\",\"@id\":\"https:\\\/\\\/www.caminhosdoperegrino.com.br\\\/blog\\\/planejamento-viagem\\\/#primaryimage\",\"url\":\"https:\\\/\\\/www.caminhosdoperegrino.com.br\\\/blog\\\/wp-content\\\/uploads\\\/2022\\\/06\\\/passo-a-passo-para-voce-organizar-sua-viagem-com-o-nosso-planner-scaled.jpg\",\"contentUrl\":\"https:\\\/\\\/www.caminhosdoperegrino.com.br\\\/blog\\\/wp-content\\\/uploads\\\/2022\\\/06\\\/passo-a-passo-para-voce-organizar-sua-viagem-com-o-nosso-planner-scaled.jpg\",\"width\":1080,\"height\":720},{\"@type\":\"BreadcrumbList\",\"@id\":\"https:\\\/\\\/www.caminhosdoperegrino.com.br\\\/blog\\\/planejamento-viagem\\\/#breadcrumb\",\"itemListElement\":[{\"@type\":\"ListItem\",\"position\":1,\"name\":\"Home\",\"item\":\"https:\\\/\\\/www.caminhosdoperegrino.com.br\\\/blog\\\/\"},{\"@type\":\"ListItem\",\"position\":2,\"name\":\"Planejamento de viagem com a ag\u00eancia Caminhos do peregrino\"}]},{\"@type\":\"WebSite\",\"@id\":\"https:\\\/\\\/www.caminhosdoperegrino.com.br\\\/blog\\\/#website\",\"url\":\"https:\\\/\\\/www.caminhosdoperegrino.com.br\\\/blog\\\/\",\"name\":\"Caminhos do peregrino\",\"description\":\"turismo religioso de experi\u00eancia\",\"publisher\":{\"@id\":\"https:\\\/\\\/www.caminhosdoperegrino.com.br\\\/blog\\\/#organization\"},\"potentialAction\":[{\"@type\":\"SearchAction\",\"target\":{\"@type\":\"EntryPoint\",\"urlTemplate\":\"https:\\\/\\\/www.caminhosdoperegrino.com.br\\\/blog\\\/?s={search_term_string}\"},\"query-input\":{\"@type\":\"PropertyValueSpecification\",\"valueRequired\":true,\"valueName\":\"search_term_string\"}}],\"inLanguage\":\"pt-BR\"},{\"@type\":\"Organization\",\"@id\":\"https:\\\/\\\/www.caminhosdoperegrino.com.br\\\/blog\\\/#organization\",\"name\":\"Caminhos do peregrino\",\"url\":\"https:\\\/\\\/www.caminhosdoperegrino.com.br\\\/blog\\\/\",\"logo\":{\"@type\":\"ImageObject\",\"inLanguage\":\"pt-BR\",\"@id\":\"https:\\\/\\\/www.caminhosdoperegrino.com.br\\\/blog\\\/#\\\/schema\\\/logo\\\/image\\\/\",\"url\":\"https:\\\/\\\/caminhosdoperegrino.com.br\\\/blog\\\/wp-content\\\/uploads\\\/2023\\\/12\\\/LOGO-VERDE.png\",\"contentUrl\":\"https:\\\/\\\/caminhosdoperegrino.com.br\\\/blog\\\/wp-content\\\/uploads\\\/2023\\\/12\\\/LOGO-VERDE.png\",\"width\":1015,\"height\":720,\"caption\":\"Caminhos do peregrino\"},\"image\":{\"@id\":\"https:\\\/\\\/www.caminhosdoperegrino.com.br\\\/blog\\\/#\\\/schema\\\/logo\\\/image\\\/\"},\"sameAs\":[\"https:\\\/\\\/www.instagram.com\\\/caminhosdoperegrino.com.br\\\/\"]},{\"@type\":\"Person\",\"@id\":\"https:\\\/\\\/www.caminhosdoperegrino.com.br\\\/blog\\\/#\\\/schema\\\/person\\\/eab040bb0edcbc3df458360244a10ab5\",\"name\":\"LIA ALVES\",\"image\":{\"@type\":\"ImageObject\",\"inLanguage\":\"pt-BR\",\"@id\":\"https:\\\/\\\/secure.gravatar.com\\\/avatar\\\/230149933f274eda93e8c80b00688c99f19fcc5b4ae2ae937b34b48b52341665?s=96&d=mm&r=g\",\"url\":\"https:\\\/\\\/secure.gravatar.com\\\/avatar\\\/230149933f274eda93e8c80b00688c99f19fcc5b4ae2ae937b34b48b52341665?s=96&d=mm&r=g\",\"contentUrl\":\"https:\\\/\\\/secure.gravatar.com\\\/avatar\\\/230149933f274eda93e8c80b00688c99f19fcc5b4ae2ae937b34b48b52341665?s=96&d=mm&r=g\",\"caption\":\"LIA ALVES\"},\"description\":\"Lia Alves \u00e9 formada em Administra\u00e7\u00e3o em Turismo pela PUC-Goi\u00e1s e MBA em Turismo: planejamento, gest\u00e3o e marketing pela Universidade Cat\u00f3lica de Bras\u00edlia. Ela \u00e9 apaixonada por viagens e cultura, e decidiu transformar sua experi\u00eancia pessoal em um neg\u00f3cio de sucesso. A Caminhos do Peregrino surgiu com o sonho de oferecer aos seus clientes uma experi\u00eancia \u00fanica, que envolve conhecer os principais pontos tur\u00edsticos de uma cidade, participar de atividades religiosas e culturais, e fortalecer a f\u00e9 crist\u00e3. A miss\u00e3o da Caminhos do Peregrino \u00e9 proporcionar aos seus clientes uma mem\u00f3ria afetiva que transcenda o tempo e o espa\u00e7o. Se voc\u00ea quiser saber mais sobre ela ou sobre a Caminhos do Peregrino, voc\u00ea pode visitar o site oficial da empresa ou seguir as redes sociais dela.\",\"url\":\"https:\\\/\\\/www.caminhosdoperegrino.com.br\\\/blog\\\/author\\\/lia\\\/\"}]}<\/script>\n<!-- \/ Yoast SEO Premium plugin. -->","yoast_head_json":{"title":"Planejamento de viagem com a ag\u00eancia Caminhos do peregrino - Caminhos do peregrino","description":"Caminhos do peregrino faz seu planejamento de viagem personalizado para que voc\u00ea tenha uma experi\u00eancia especial e momentos inesquec\u00edveis.","robots":{"index":"index","follow":"follow","max-snippet":"max-snippet:-1","max-image-preview":"max-image-preview:large","max-video-preview":"max-video-preview:-1"},"canonical":"https:\/\/www.caminhosdoperegrino.com.br\/blog\/planejamento-viagem\/","og_locale":"pt_BR","og_type":"article","og_title":"Planejamento de viagem com a ag\u00eancia Caminhos do peregrino","og_description":"Caminhos do peregrino faz seu planejamento de viagem personalizado para que voc\u00ea tenha uma experi\u00eancia especial e momentos inesquec\u00edveis.","og_url":"https:\/\/www.caminhosdoperegrino.com.br\/blog\/planejamento-viagem\/","og_site_name":"Caminhos do peregrino","article_published_time":"2022-06-28T20:59:56+00:00","article_modified_time":"2023-12-26T14:45:19+00:00","og_image":[{"width":1080,"height":720,"url":"https:\/\/www.caminhosdoperegrino.com.br\/blog\/wp-content\/uploads\/2022\/06\/passo-a-passo-para-voce-organizar-sua-viagem-com-o-nosso-planner-scaled.jpg","type":"image\/jpeg"}],"author":"LIA ALVES","twitter_card":"summary_large_image","twitter_misc":{"Escrito por":"LIA ALVES","Est. tempo de leitura":"3 minutos"},"schema":{"@context":"https:\/\/schema.org","@graph":[{"@type":"Article","@id":"https:\/\/www.caminhosdoperegrino.com.br\/blog\/planejamento-viagem\/#article","isPartOf":{"@id":"https:\/\/www.caminhosdoperegrino.com.br\/blog\/planejamento-viagem\/"},"author":{"name":"LIA ALVES","@id":"https:\/\/www.caminhosdoperegrino.com.br\/blog\/#\/schema\/person\/eab040bb0edcbc3df458360244a10ab5"},"headline":"Planejamento de viagem com a ag\u00eancia Caminhos do peregrino","datePublished":"2022-06-28T20:59:56+00:00","dateModified":"2023-12-26T14:45:19+00:00","mainEntityOfPage":{"@id":"https:\/\/www.caminhosdoperegrino.com.br\/blog\/planejamento-viagem\/"},"wordCount":1147,"commentCount":0,"publisher":{"@id":"https:\/\/www.caminhosdoperegrino.com.br\/blog\/#organization"},"image":{"@id":"https:\/\/www.caminhosdoperegrino.com.br\/blog\/planejamento-viagem\/#primaryimage"},"thumbnailUrl":"https:\/\/www.caminhosdoperegrino.com.br\/blog\/wp-content\/uploads\/2022\/06\/passo-a-passo-para-voce-organizar-sua-viagem-com-o-nosso-planner-scaled.jpg","keywords":["caminhos do peregrino","consultoria de viagem","escolha seu destino","experi\u00eancias","planejamento de viagem","roteiro personalizado","turismo de experi\u00eancia","viagens culturais"],"articleSection":["Consultoria de viagens","Dicas de Viagens","Experi\u00eancias"],"inLanguage":"pt-BR","potentialAction":[{"@type":"CommentAction","name":"Comment","target":["https:\/\/www.caminhosdoperegrino.com.br\/blog\/planejamento-viagem\/#respond"]}],"copyrightYear":"2022","copyrightHolder":{"@id":"https:\/\/www.caminhosdoperegrino.com.br\/blog\/#organization"}},{"@type":"WebPage","@id":"https:\/\/www.caminhosdoperegrino.com.br\/blog\/planejamento-viagem\/","url":"https:\/\/www.caminhosdoperegrino.com.br\/blog\/planejamento-viagem\/","name":"Planejamento de viagem com a ag\u00eancia Caminhos do peregrino - Caminhos do peregrino","isPartOf":{"@id":"https:\/\/www.caminhosdoperegrino.com.br\/blog\/#website"},"primaryImageOfPage":{"@id":"https:\/\/www.caminhosdoperegrino.com.br\/blog\/planejamento-viagem\/#primaryimage"},"image":{"@id":"https:\/\/www.caminhosdoperegrino.com.br\/blog\/planejamento-viagem\/#primaryimage"},"thumbnailUrl":"https:\/\/www.caminhosdoperegrino.com.br\/blog\/wp-content\/uploads\/2022\/06\/passo-a-passo-para-voce-organizar-sua-viagem-com-o-nosso-planner-scaled.jpg","datePublished":"2022-06-28T20:59:56+00:00","dateModified":"2023-12-26T14:45:19+00:00","description":"Caminhos do peregrino faz seu planejamento de viagem personalizado para que voc\u00ea tenha uma experi\u00eancia especial e momentos inesquec\u00edveis.","breadcrumb":{"@id":"https:\/\/www.caminhosdoperegrino.com.br\/blog\/planejamento-viagem\/#breadcrumb"},"inLanguage":"pt-BR","potentialAction":[{"@type":"ReadAction","target":["https:\/\/www.caminhosdoperegrino.com.br\/blog\/planejamento-viagem\/"]}]},{"@type":"ImageObject","inLanguage":"pt-BR","@id":"https:\/\/www.caminhosdoperegrino.com.br\/blog\/planejamento-viagem\/#primaryimage","url":"https:\/\/www.caminhosdoperegrino.com.br\/blog\/wp-content\/uploads\/2022\/06\/passo-a-passo-para-voce-organizar-sua-viagem-com-o-nosso-planner-scaled.jpg","contentUrl":"https:\/\/www.caminhosdoperegrino.com.br\/blog\/wp-content\/uploads\/2022\/06\/passo-a-passo-para-voce-organizar-sua-viagem-com-o-nosso-planner-scaled.jpg","width":1080,"height":720},{"@type":"BreadcrumbList","@id":"https:\/\/www.caminhosdoperegrino.com.br\/blog\/planejamento-viagem\/#breadcrumb","itemListElement":[{"@type":"ListItem","position":1,"name":"Home","item":"https:\/\/www.caminhosdoperegrino.com.br\/blog\/"},{"@type":"ListItem","position":2,"name":"Planejamento de viagem com a ag\u00eancia Caminhos do peregrino"}]},{"@type":"WebSite","@id":"https:\/\/www.caminhosdoperegrino.com.br\/blog\/#website","url":"https:\/\/www.caminhosdoperegrino.com.br\/blog\/","name":"Caminhos do peregrino","description":"turismo religioso de experi\u00eancia","publisher":{"@id":"https:\/\/www.caminhosdoperegrino.com.br\/blog\/#organization"},"potentialAction":[{"@type":"SearchAction","target":{"@type":"EntryPoint","urlTemplate":"https:\/\/www.caminhosdoperegrino.com.br\/blog\/?s={search_term_string}"},"query-input":{"@type":"PropertyValueSpecification","valueRequired":true,"valueName":"search_term_string"}}],"inLanguage":"pt-BR"},{"@type":"Organization","@id":"https:\/\/www.caminhosdoperegrino.com.br\/blog\/#organization","name":"Caminhos do peregrino","url":"https:\/\/www.caminhosdoperegrino.com.br\/blog\/","logo":{"@type":"ImageObject","inLanguage":"pt-BR","@id":"https:\/\/www.caminhosdoperegrino.com.br\/blog\/#\/schema\/logo\/image\/","url":"https:\/\/caminhosdoperegrino.com.br\/blog\/wp-content\/uploads\/2023\/12\/LOGO-VERDE.png","contentUrl":"https:\/\/caminhosdoperegrino.com.br\/blog\/wp-content\/uploads\/2023\/12\/LOGO-VERDE.png","width":1015,"height":720,"caption":"Caminhos do peregrino"},"image":{"@id":"https:\/\/www.caminhosdoperegrino.com.br\/blog\/#\/schema\/logo\/image\/"},"sameAs":["https:\/\/www.instagram.com\/caminhosdoperegrino.com.br\/"]},{"@type":"Person","@id":"https:\/\/www.caminhosdoperegrino.com.br\/blog\/#\/schema\/person\/eab040bb0edcbc3df458360244a10ab5","name":"LIA ALVES","image":{"@type":"ImageObject","inLanguage":"pt-BR","@id":"https:\/\/secure.gravatar.com\/avatar\/230149933f274eda93e8c80b00688c99f19fcc5b4ae2ae937b34b48b52341665?s=96&d=mm&r=g","url":"https:\/\/secure.gravatar.com\/avatar\/230149933f274eda93e8c80b00688c99f19fcc5b4ae2ae937b34b48b52341665?s=96&d=mm&r=g","contentUrl":"https:\/\/secure.gravatar.com\/avatar\/230149933f274eda93e8c80b00688c99f19fcc5b4ae2ae937b34b48b52341665?s=96&d=mm&r=g","caption":"LIA ALVES"},"description":"Lia Alves \u00e9 formada em Administra\u00e7\u00e3o em Turismo pela PUC-Goi\u00e1s e MBA em Turismo: planejamento, gest\u00e3o e marketing pela Universidade Cat\u00f3lica de Bras\u00edlia. Ela \u00e9 apaixonada por viagens e cultura, e decidiu transformar sua experi\u00eancia pessoal em um neg\u00f3cio de sucesso. A Caminhos do Peregrino surgiu com o sonho de oferecer aos seus clientes uma experi\u00eancia \u00fanica, que envolve conhecer os principais pontos tur\u00edsticos de uma cidade, participar de atividades religiosas e culturais, e fortalecer a f\u00e9 crist\u00e3. A miss\u00e3o da Caminhos do Peregrino \u00e9 proporcionar aos seus clientes uma mem\u00f3ria afetiva que transcenda o tempo e o espa\u00e7o. Se voc\u00ea quiser saber mais sobre ela ou sobre a Caminhos do Peregrino, voc\u00ea pode visitar o site oficial da empresa ou seguir as redes sociais dela.","url":"https:\/\/www.caminhosdoperegrino.com.br\/blog\/author\/lia\/"}]}},"amp_enabled":true,"_links":{"self":[{"href":"https:\/\/www.caminhosdoperegrino.com.br\/blog\/wp-json\/wp\/v2\/posts\/3079","targetHints":{"allow":["GET"]}}],"collection":[{"href":"https:\/\/www.caminhosdoperegrino.com.br\/blog\/wp-json\/wp\/v2\/posts"}],"about":[{"href":"https:\/\/www.caminhosdoperegrino.com.br\/blog\/wp-json\/wp\/v2\/types\/post"}],"author":[{"embeddable":true,"href":"https:\/\/www.caminhosdoperegrino.com.br\/blog\/wp-json\/wp\/v2\/users\/40"}],"replies":[{"embeddable":true,"href":"https:\/\/www.caminhosdoperegrino.com.br\/blog\/wp-json\/wp\/v2\/comments?post=3079"}],"version-history":[{"count":16,"href":"https:\/\/www.caminhosdoperegrino.com.br\/blog\/wp-json\/wp\/v2\/posts\/3079\/revisions"}],"predecessor-version":[{"id":3288,"href":"https:\/\/www.caminhosdoperegrino.com.br\/blog\/wp-json\/wp\/v2\/posts\/3079\/revisions\/3288"}],"wp:featuredmedia":[{"embeddable":true,"href":"https:\/\/www.caminhosdoperegrino.com.br\/blog\/wp-json\/wp\/v2\/media\/3113"}],"wp:attachment":[{"href":"https:\/\/www.caminhosdoperegrino.com.br\/blog\/wp-json\/wp\/v2\/media?parent=3079"}],"wp:term":[{"taxonomy":"category","embeddable":true,"href":"https:\/\/www.caminhosdoperegrino.com.br\/blog\/wp-json\/wp\/v2\/categories?post=3079"},{"taxonomy":"post_tag","embeddable":true,"href":"https:\/\/www.caminhosdoperegrino.com.br\/blog\/wp-json\/wp\/v2\/tags?post=3079"}],"curies":[{"name":"wp","href":"https:\/\/api.w.org\/{rel}","templated":true}]}}