{"id":3075,"date":"2022-06-28T20:45:47","date_gmt":"2022-06-28T20:45:47","guid":{"rendered":"https:\/\/caminhosdoperegrino.com.br\/blog\/?p=3075"},"modified":"2023-12-26T14:35:07","modified_gmt":"2023-12-26T14:35:07","slug":"rio-de-janeiro","status":"publish","type":"post","link":"https:\/\/www.caminhosdoperegrino.com.br\/blog\/rio-de-janeiro\/","title":{"rendered":"RIO DE JANEIRO"},"content":{"rendered":"\n<p>Voc\u00ea sabia que o Rio de Janeiro \u00e9 muito mais do que sol e praia em seu roteiro? A Cidade Maravilhosa tem uma riqueza cultural e religiosa impressionante, contudo poder transformar a sua viagem em uma experi\u00eancia inesquec\u00edvel. Neste post, por\u00e9m voc\u00ea ver\u00e1 alguns dos principais roteiros culturais, religiosos e de experi\u00eancia que voc\u00ea pode fazer no Rio de Janeiro. Confira!<\/p>\n\n\n\n<h2 class=\"wp-block-heading\" id=\"h-roteiro-religioso\">Roteiro religioso<\/h2>\n\n\n\n<p>O Rio de Janeiro \u00e9 uma cidade que encanta pela sua beleza natural, mas tamb\u00e9m pela sua diversidade cultural e religiosa. Al\u00e9m das famosas praias, o Rio oferece roteiro religioso que proporciona uma experi\u00eancia memor\u00e1vel aos visitantes que buscam a integra\u00e7\u00e3o do corpo e da alma. Neste roteiro, \u00e9 poss\u00edvel conhecer alguns dos principais templos e monumentos que expressam a f\u00e9 e a hist\u00f3ria do povo carioca, como:<\/p>\n\n\n\n<h2 class=\"wp-block-heading\" id=\"h-atrativos-que-se-destacam-alem-do-turismo-sol-e-praia\">Atrativos que se destacam al\u00e9m do turismo sol e praia<\/h2>\n\n\n\n<p><strong>Primeiro<\/strong> <strong>o Santu\u00e1rio Cristo Redentor<\/strong>, no Corcovado, que \u00e9 o primeiro santu\u00e1rio a c\u00e9u aberto do mundo e um s\u00edmbolo nacional dos sentimentos crist\u00e3os do pa\u00eds. Do alto do monte, tamb\u00e9m \u00e9 poss\u00edvel contemplar a paisagem do parque Nacional da Tijuca e ter uma vis\u00e3o privilegiada da Cidade Maravilhosa;<\/p>\n\n\n\n<ul class=\"wp-block-list\">\n<li><strong>Em seguida a Catedral Metropolitana de S\u00e3o Sebasti\u00e3o <\/strong>do Rio de Janeiro, que \u00e9 uma constru\u00e7\u00e3o moderna e imponente, com 75 metros de altura e capacidade para abrigar 20 mil pessoas. A catedral tem quatro vitrais que simbolizam as quatro caracter\u00edsticas da igreja: Una, Santa, Cat\u00f3lica e Apost\u00f3lica. No subsolo, h\u00e1 o Museu de Arte Sacra, com pe\u00e7as hist\u00f3ricas e art\u00edsticas;<\/li>\n\n\n\n<li><strong>Tamb\u00e9m o Convento e Igreja de Santo Ant\u00f4nio<\/strong>, que \u00e9 uma das mais antigas institui\u00e7\u00f5es religiosas e cat\u00f3licas da cidade, fundada em 1608. A igreja tem uma fachada de estilo jesu\u00edtico, com portadas de pedra portuguesa, e um interior ricamente decorado com talha dourada, pinturas e azulejos;<\/li>\n\n\n\n<li><strong>Al\u00e9m disso a r\u00e9plica do santu\u00e1rio de F\u00e1tima<\/strong> no Rio de Janeiro \u00e9 uma obra da associa\u00e7\u00e3o arquidiocesana Tarde com Maria, que tem a miss\u00e3o de difundir a mensagem de F\u00e1tima no Brasil. A r\u00e9plica \u00e9 a \u00fanica no mundo que reproduz fielmente a capela das apari\u00e7\u00f5es de Portugal, onde Nossa Senhora apareceu aos tr\u00eas pastorinhos em 1917. A r\u00e9plica foi inaugurada em 2011 e recebe milhares de fi\u00e9is que buscam a intercess\u00e3o de Nossa Senhora de F\u00e1tima. O santu\u00e1rio tamb\u00e9m conta com uma capela de adora\u00e7\u00e3o ao Sant\u00edssimo Sacramento, um memorial da esperan\u00e7a, uma capela de Nossa Senhora da Esperan\u00e7a e confession\u00e1rios;<\/li>\n\n\n\n<li><strong>Por fim o Grande Templo Israelita<\/strong>, no Centro, que \u00e9 uma das mais belas sinagogas da cidade, constru\u00edda em 1932. O templo tem uma arquitetura de inspira\u00e7\u00e3o bizantina, com uma c\u00fapula de 30 metros de altura e vitrais coloridos;<\/li>\n<\/ul>\n\n\n\n<figure class=\"wp-block-image size-full\"><img fetchpriority=\"high\" decoding=\"async\" width=\"1024\" height=\"683\" src=\"https:\/\/caminhosdoperegrino.com.br\/blog\/wp-content\/uploads\/2022\/06\/festa-das-aparies-missa-solene_17623496301_o-1024x683-3.jpg\" alt=\"Replica do santu\u00e1rio de Fatima - Rio de janeiro\" class=\"wp-image-3259\" srcset=\"https:\/\/www.caminhosdoperegrino.com.br\/blog\/wp-content\/uploads\/2022\/06\/festa-das-aparies-missa-solene_17623496301_o-1024x683-3.jpg 1024w, https:\/\/www.caminhosdoperegrino.com.br\/blog\/wp-content\/uploads\/2022\/06\/festa-das-aparies-missa-solene_17623496301_o-1024x683-3-300x200.jpg 300w, https:\/\/www.caminhosdoperegrino.com.br\/blog\/wp-content\/uploads\/2022\/06\/festa-das-aparies-missa-solene_17623496301_o-1024x683-3-768x512.jpg 768w\" sizes=\"(max-width: 1024px) 100vw, 1024px\" \/><\/figure>\n\n\n\n<p><\/p>\n\n\n\n<h2 class=\"wp-block-heading\" id=\"h-rio-de-janeiro-roteiro-cultural-centro-da-cidade\">Rio de Janeiro &#8211; Roteiro cultural: Centro da Cidade<\/h2>\n\n\n\n<p>O centro da cidade do Rio de Janeiro \u00e9 onde se concentram as principais atra\u00e7\u00f5es culturais. Museus renomados como Museu Hist\u00f3rico Nacional, Museu do Amanh\u00e3, Museu de Belas Artes, que abordam temas como arte, hist\u00f3ria e ci\u00eancia com roteiros maravilhosos no Rio de Janeiro. Contudo em outros lugares excelentes para conhecer s\u00e3o os edif\u00edcios hist\u00f3ricos como a Biblioteca Nacional, Casa de Rui Barbosa, Casa Fran\u00e7a, que preservam obras e documentos importantes para a cultura brasileira. Assim como o teatro Municipal do Rio de Janeiro \u00e9 um dos mais belos e importantes do pa\u00eds. Por fim estes s\u00e3o alguns dos roteiros culturais que o Rio de Janeiro oferece.<\/p>\n\n\n\n<figure class=\"wp-block-image size-large\"><a href=\"https:\/\/caminhosdoperegrino.rds.land\/melhores-ofertas-personalizadas\"><img decoding=\"async\" width=\"1024\" height=\"292\" src=\"https:\/\/caminhosdoperegrino.com.br\/blog\/wp-content\/uploads\/2022\/06\/SOLICITAR-ATENDIMENTO-1024x292.png\" alt=\"\" class=\"wp-image-3118\" srcset=\"https:\/\/www.caminhosdoperegrino.com.br\/blog\/wp-content\/uploads\/2022\/06\/SOLICITAR-ATENDIMENTO-1024x292.png 1024w, https:\/\/www.caminhosdoperegrino.com.br\/blog\/wp-content\/uploads\/2022\/06\/SOLICITAR-ATENDIMENTO-300x85.png 300w, https:\/\/www.caminhosdoperegrino.com.br\/blog\/wp-content\/uploads\/2022\/06\/SOLICITAR-ATENDIMENTO-768x219.png 768w, https:\/\/www.caminhosdoperegrino.com.br\/blog\/wp-content\/uploads\/2022\/06\/SOLICITAR-ATENDIMENTO-1536x437.png 1536w, https:\/\/www.caminhosdoperegrino.com.br\/blog\/wp-content\/uploads\/2022\/06\/SOLICITAR-ATENDIMENTO.png 1280w\" sizes=\"(max-width: 1024px) 100vw, 1024px\" \/><\/a><figcaption class=\"wp-element-caption\">Personalize conosco sua viagem ao Rio de Janeiro<\/figcaption><\/figure>\n\n\n\n<h2 class=\"wp-block-heading\" id=\"h-roteiro-de-experiencia-ilha-fiscal\"> Roteiro de experi\u00eancia: Ilha Fiscal<\/h2>\n\n\n\n<p>Pr\u00f3xima ao centro do Rio de Janeiro, a Ilha Fiscal \u00e9 uma ilha paradis\u00edaca localizada na Ba\u00eda de Guanabara. Ela \u00e9 conhecida por suas praias tranquilas e naturais, mas tamb\u00e9m oferece outras op\u00e7\u00f5es para quem quer viver uma aventura diferente. Contudo voc\u00ea pode fazer passeios de barco pelo Rio com guias locais que v\u00e3o te mostrar os pontos tur\u00edsticos mais incr\u00edveis da cidade. Al\u00e9m do mais voc\u00ea tamb\u00e9m pode fazer trilhas pela mata atl\u00e2ntica ou praticar esportes radicais como rapel ou tirolesa. Visto que estes s\u00e3o roteiros de experi\u00eancias que v\u00e3o al\u00e9m do sol e praia.<\/p>\n\n\n\n<figure class=\"wp-block-image size-large\"><img decoding=\"async\" width=\"1024\" height=\"538\" src=\"https:\/\/caminhosdoperegrino.com.br\/blog\/wp-content\/uploads\/2023\/12\/Brazil-Rio-de-Janeiro-Fiscal-Island-1200x630-1-1024x538.jpg\" alt=\"\" class=\"wp-image-3262\" srcset=\"https:\/\/www.caminhosdoperegrino.com.br\/blog\/wp-content\/uploads\/2023\/12\/Brazil-Rio-de-Janeiro-Fiscal-Island-1200x630-1-1024x538.jpg 1024w, https:\/\/www.caminhosdoperegrino.com.br\/blog\/wp-content\/uploads\/2023\/12\/Brazil-Rio-de-Janeiro-Fiscal-Island-1200x630-1-300x158.jpg 300w, https:\/\/www.caminhosdoperegrino.com.br\/blog\/wp-content\/uploads\/2023\/12\/Brazil-Rio-de-Janeiro-Fiscal-Island-1200x630-1-768x403.jpg 768w, https:\/\/www.caminhosdoperegrino.com.br\/blog\/wp-content\/uploads\/2023\/12\/Brazil-Rio-de-Janeiro-Fiscal-Island-1200x630-1.jpg 1200w\" sizes=\"(max-width: 1024px) 100vw, 1024px\" \/><figcaption class=\"wp-element-caption\">Ilha fiscal &#8211; encirclephotos<\/figcaption><\/figure>\n\n\n\n<hr class=\"wp-block-separator has-alpha-channel-opacity\"\/>\n\n\n\n<p>E ent\u00e3o, gostou das dicas? Agora \u00e9 s\u00f3 escolher o seu roteiro favorito ou combinar v\u00e1rios para criar uma viagem personalizada. Porque perder seu tempo? Fa\u00e7a reserve j\u00e1 o seu pacote com a Caminhos do peregrino! Deixe que nossa equipe te ajuda a planejar tudo com seguran\u00e7a e qualidade. <a href=\"https:\/\/caminhosdoperegrino.rds.land\/melhores-ofertas-personalizadas\">Solicite atendimento<\/a> pelo telefone <a href=\"https:\/\/api.whatsapp.com\/send?phone=5562981120397&amp;text=Ol%C3%A1,%20quero%20fazer%20um%20roteiro%20personalizado%20para%20o%20Rio%20de%20Janeiro\">+ 55 (62) 981120397<\/a> ou pelo email contato@caminhosdoperegrino.com.br e garanta as melhores ofertas para voc\u00ea!<\/p>\n\n\n\n<h2 class=\"wp-block-heading\" id=\"h-conheca-mais-sobre-o-rio-de-janeiro\">Conhe\u00e7a mais sobre o Rio de Janeiro<\/h2>\n\n\n\n<p>Estes s\u00e3o apenas alguns dos atrativos religiosos do Rio de Janeiro, que revelam a riqueza e a diversidade da cidade. O roteiro religioso \u00e9 uma forma de conhecer o Rio por outro \u00e2ngulo, al\u00e9m do sol e da praia, e de vivenciar uma viagem exterior que reflete na viagem interior. Entenda a import\u00e2ncia do planejamento de uma viagem em nosso <a href=\"https:\/\/caminhosdoperegrino.com.br\/blog\/planejamento-viagem\/\">post.<\/a><\/p>\n\n\n\n<p>Gostou dessa ideia? Que tal solicitar um roteiro personalizado para sua pr\u00f3xima viagem pelo Rio de Janeiro?&nbsp;<a href=\"https:\/\/linktr.ee\/caminhosdoperegrino\" target=\"_blank\" rel=\"noreferrer noopener\"><u>Clique aqui<\/u><\/a><\/p>\n","protected":false},"excerpt":{"rendered":"<p>Rio de Janeiro cidade maravilhosa com roteiro personalizado para o turismo de experi\u00eancia<\/p>\n","protected":false},"author":40,"featured_media":3228,"comment_status":"open","ping_status":"open","sticky":false,"template":"","format":"standard","meta":{"footnotes":""},"categories":[188,6,1,173],"tags":[],"class_list":["post-3075","post","type-post","status-publish","format-standard","has-post-thumbnail","hentry","category-experiencias","category-sports","category-sol-e-praia","category-viagens-culturais"],"yoast_head":"<!-- This site is optimized with the Yoast SEO Premium plugin v18.8 (Yoast SEO v27.5) - https:\/\/yoast.com\/product\/yoast-seo-premium-wordpress\/ -->\n<title>RIO DE JANEIRO - Caminhos do peregrino<\/title>\n<meta name=\"description\" content=\"Rio de Janeiro, atrativos que se destacam al\u00e9m do turismo sol e praia. Tenha uma experi\u00eancia diferente na cidade com roteiro personalizado.\" \/>\n<meta name=\"robots\" content=\"index, follow, max-snippet:-1, max-image-preview:large, max-video-preview:-1\" \/>\n<link rel=\"canonical\" href=\"https:\/\/www.caminhosdoperegrino.com.br\/blog\/rio-de-janeiro\/\" \/>\n<meta property=\"og:locale\" content=\"pt_BR\" \/>\n<meta property=\"og:type\" content=\"article\" \/>\n<meta property=\"og:title\" content=\"RIO DE JANEIRO\" \/>\n<meta property=\"og:description\" content=\"Rio de Janeiro, atrativos que se destacam al\u00e9m do turismo sol e praia. Tenha uma experi\u00eancia diferente na cidade com roteiro personalizado.\" \/>\n<meta property=\"og:url\" content=\"https:\/\/www.caminhosdoperegrino.com.br\/blog\/rio-de-janeiro\/\" \/>\n<meta property=\"og:site_name\" content=\"Caminhos do peregrino\" \/>\n<meta property=\"article:published_time\" content=\"2022-06-28T20:45:47+00:00\" \/>\n<meta property=\"article:modified_time\" content=\"2023-12-26T14:35:07+00:00\" \/>\n<meta property=\"og:image\" content=\"https:\/\/www.caminhosdoperegrino.com.br\/blog\/wp-content\/uploads\/2022\/06\/saida-pedagogica-rio-de-janeiro-corcovado-cristo-redentor-01-1.png\" \/>\n\t<meta property=\"og:image:width\" content=\"1920\" \/>\n\t<meta property=\"og:image:height\" content=\"800\" \/>\n\t<meta property=\"og:image:type\" content=\"image\/png\" \/>\n<meta name=\"author\" content=\"LIA ALVES\" \/>\n<meta name=\"twitter:card\" content=\"summary_large_image\" \/>\n<meta name=\"twitter:label1\" content=\"Escrito por\" \/>\n\t<meta name=\"twitter:data1\" content=\"LIA ALVES\" \/>\n\t<meta name=\"twitter:label2\" content=\"Est. tempo de leitura\" \/>\n\t<meta name=\"twitter:data2\" content=\"3 minutos\" \/>\n<script type=\"application\/ld+json\" class=\"yoast-schema-graph\">{\"@context\":\"https:\\\/\\\/schema.org\",\"@graph\":[{\"@type\":\"Article\",\"@id\":\"https:\\\/\\\/www.caminhosdoperegrino.com.br\\\/blog\\\/rio-de-janeiro\\\/#article\",\"isPartOf\":{\"@id\":\"https:\\\/\\\/www.caminhosdoperegrino.com.br\\\/blog\\\/rio-de-janeiro\\\/\"},\"author\":{\"name\":\"LIA ALVES\",\"@id\":\"https:\\\/\\\/www.caminhosdoperegrino.com.br\\\/blog\\\/#\\\/schema\\\/person\\\/eab040bb0edcbc3df458360244a10ab5\"},\"headline\":\"RIO DE JANEIRO\",\"datePublished\":\"2022-06-28T20:45:47+00:00\",\"dateModified\":\"2023-12-26T14:35:07+00:00\",\"mainEntityOfPage\":{\"@id\":\"https:\\\/\\\/www.caminhosdoperegrino.com.br\\\/blog\\\/rio-de-janeiro\\\/\"},\"wordCount\":898,\"commentCount\":0,\"publisher\":{\"@id\":\"https:\\\/\\\/www.caminhosdoperegrino.com.br\\\/blog\\\/#organization\"},\"image\":{\"@id\":\"https:\\\/\\\/www.caminhosdoperegrino.com.br\\\/blog\\\/rio-de-janeiro\\\/#primaryimage\"},\"thumbnailUrl\":\"https:\\\/\\\/www.caminhosdoperegrino.com.br\\\/blog\\\/wp-content\\\/uploads\\\/2022\\\/06\\\/saida-pedagogica-rio-de-janeiro-corcovado-cristo-redentor-01-1.png\",\"articleSection\":[\"Experi\u00eancias\",\"Fim de semana\",\"Sol e Praia\",\"Viagens Culturais\"],\"inLanguage\":\"pt-BR\",\"potentialAction\":[{\"@type\":\"CommentAction\",\"name\":\"Comment\",\"target\":[\"https:\\\/\\\/www.caminhosdoperegrino.com.br\\\/blog\\\/rio-de-janeiro\\\/#respond\"]}],\"copyrightYear\":\"2022\",\"copyrightHolder\":{\"@id\":\"https:\\\/\\\/www.caminhosdoperegrino.com.br\\\/blog\\\/#organization\"}},{\"@type\":\"WebPage\",\"@id\":\"https:\\\/\\\/www.caminhosdoperegrino.com.br\\\/blog\\\/rio-de-janeiro\\\/\",\"url\":\"https:\\\/\\\/www.caminhosdoperegrino.com.br\\\/blog\\\/rio-de-janeiro\\\/\",\"name\":\"RIO DE JANEIRO - Caminhos do peregrino\",\"isPartOf\":{\"@id\":\"https:\\\/\\\/www.caminhosdoperegrino.com.br\\\/blog\\\/#website\"},\"primaryImageOfPage\":{\"@id\":\"https:\\\/\\\/www.caminhosdoperegrino.com.br\\\/blog\\\/rio-de-janeiro\\\/#primaryimage\"},\"image\":{\"@id\":\"https:\\\/\\\/www.caminhosdoperegrino.com.br\\\/blog\\\/rio-de-janeiro\\\/#primaryimage\"},\"thumbnailUrl\":\"https:\\\/\\\/www.caminhosdoperegrino.com.br\\\/blog\\\/wp-content\\\/uploads\\\/2022\\\/06\\\/saida-pedagogica-rio-de-janeiro-corcovado-cristo-redentor-01-1.png\",\"datePublished\":\"2022-06-28T20:45:47+00:00\",\"dateModified\":\"2023-12-26T14:35:07+00:00\",\"description\":\"Rio de Janeiro, atrativos que se destacam al\u00e9m do turismo sol e praia. Tenha uma experi\u00eancia diferente na cidade com roteiro personalizado.\",\"breadcrumb\":{\"@id\":\"https:\\\/\\\/www.caminhosdoperegrino.com.br\\\/blog\\\/rio-de-janeiro\\\/#breadcrumb\"},\"inLanguage\":\"pt-BR\",\"potentialAction\":[{\"@type\":\"ReadAction\",\"target\":[\"https:\\\/\\\/www.caminhosdoperegrino.com.br\\\/blog\\\/rio-de-janeiro\\\/\"]}]},{\"@type\":\"ImageObject\",\"inLanguage\":\"pt-BR\",\"@id\":\"https:\\\/\\\/www.caminhosdoperegrino.com.br\\\/blog\\\/rio-de-janeiro\\\/#primaryimage\",\"url\":\"https:\\\/\\\/www.caminhosdoperegrino.com.br\\\/blog\\\/wp-content\\\/uploads\\\/2022\\\/06\\\/saida-pedagogica-rio-de-janeiro-corcovado-cristo-redentor-01-1.png\",\"contentUrl\":\"https:\\\/\\\/www.caminhosdoperegrino.com.br\\\/blog\\\/wp-content\\\/uploads\\\/2022\\\/06\\\/saida-pedagogica-rio-de-janeiro-corcovado-cristo-redentor-01-1.png\",\"width\":1920,\"height\":800},{\"@type\":\"BreadcrumbList\",\"@id\":\"https:\\\/\\\/www.caminhosdoperegrino.com.br\\\/blog\\\/rio-de-janeiro\\\/#breadcrumb\",\"itemListElement\":[{\"@type\":\"ListItem\",\"position\":1,\"name\":\"Home\",\"item\":\"https:\\\/\\\/www.caminhosdoperegrino.com.br\\\/blog\\\/\"},{\"@type\":\"ListItem\",\"position\":2,\"name\":\"RIO DE JANEIRO\"}]},{\"@type\":\"WebSite\",\"@id\":\"https:\\\/\\\/www.caminhosdoperegrino.com.br\\\/blog\\\/#website\",\"url\":\"https:\\\/\\\/www.caminhosdoperegrino.com.br\\\/blog\\\/\",\"name\":\"Caminhos do peregrino\",\"description\":\"turismo religioso de experi\u00eancia\",\"publisher\":{\"@id\":\"https:\\\/\\\/www.caminhosdoperegrino.com.br\\\/blog\\\/#organization\"},\"potentialAction\":[{\"@type\":\"SearchAction\",\"target\":{\"@type\":\"EntryPoint\",\"urlTemplate\":\"https:\\\/\\\/www.caminhosdoperegrino.com.br\\\/blog\\\/?s={search_term_string}\"},\"query-input\":{\"@type\":\"PropertyValueSpecification\",\"valueRequired\":true,\"valueName\":\"search_term_string\"}}],\"inLanguage\":\"pt-BR\"},{\"@type\":\"Organization\",\"@id\":\"https:\\\/\\\/www.caminhosdoperegrino.com.br\\\/blog\\\/#organization\",\"name\":\"Caminhos do peregrino\",\"url\":\"https:\\\/\\\/www.caminhosdoperegrino.com.br\\\/blog\\\/\",\"logo\":{\"@type\":\"ImageObject\",\"inLanguage\":\"pt-BR\",\"@id\":\"https:\\\/\\\/www.caminhosdoperegrino.com.br\\\/blog\\\/#\\\/schema\\\/logo\\\/image\\\/\",\"url\":\"https:\\\/\\\/caminhosdoperegrino.com.br\\\/blog\\\/wp-content\\\/uploads\\\/2023\\\/12\\\/LOGO-VERDE.png\",\"contentUrl\":\"https:\\\/\\\/caminhosdoperegrino.com.br\\\/blog\\\/wp-content\\\/uploads\\\/2023\\\/12\\\/LOGO-VERDE.png\",\"width\":1015,\"height\":720,\"caption\":\"Caminhos do peregrino\"},\"image\":{\"@id\":\"https:\\\/\\\/www.caminhosdoperegrino.com.br\\\/blog\\\/#\\\/schema\\\/logo\\\/image\\\/\"},\"sameAs\":[\"https:\\\/\\\/www.instagram.com\\\/caminhosdoperegrino.com.br\\\/\"]},{\"@type\":\"Person\",\"@id\":\"https:\\\/\\\/www.caminhosdoperegrino.com.br\\\/blog\\\/#\\\/schema\\\/person\\\/eab040bb0edcbc3df458360244a10ab5\",\"name\":\"LIA ALVES\",\"image\":{\"@type\":\"ImageObject\",\"inLanguage\":\"pt-BR\",\"@id\":\"https:\\\/\\\/secure.gravatar.com\\\/avatar\\\/230149933f274eda93e8c80b00688c99f19fcc5b4ae2ae937b34b48b52341665?s=96&d=mm&r=g\",\"url\":\"https:\\\/\\\/secure.gravatar.com\\\/avatar\\\/230149933f274eda93e8c80b00688c99f19fcc5b4ae2ae937b34b48b52341665?s=96&d=mm&r=g\",\"contentUrl\":\"https:\\\/\\\/secure.gravatar.com\\\/avatar\\\/230149933f274eda93e8c80b00688c99f19fcc5b4ae2ae937b34b48b52341665?s=96&d=mm&r=g\",\"caption\":\"LIA ALVES\"},\"description\":\"Lia Alves \u00e9 formada em Administra\u00e7\u00e3o em Turismo pela PUC-Goi\u00e1s e MBA em Turismo: planejamento, gest\u00e3o e marketing pela Universidade Cat\u00f3lica de Bras\u00edlia. Ela \u00e9 apaixonada por viagens e cultura, e decidiu transformar sua experi\u00eancia pessoal em um neg\u00f3cio de sucesso. A Caminhos do Peregrino surgiu com o sonho de oferecer aos seus clientes uma experi\u00eancia \u00fanica, que envolve conhecer os principais pontos tur\u00edsticos de uma cidade, participar de atividades religiosas e culturais, e fortalecer a f\u00e9 crist\u00e3. A miss\u00e3o da Caminhos do Peregrino \u00e9 proporcionar aos seus clientes uma mem\u00f3ria afetiva que transcenda o tempo e o espa\u00e7o. Se voc\u00ea quiser saber mais sobre ela ou sobre a Caminhos do Peregrino, voc\u00ea pode visitar o site oficial da empresa ou seguir as redes sociais dela.\",\"url\":\"https:\\\/\\\/www.caminhosdoperegrino.com.br\\\/blog\\\/author\\\/lia\\\/\"}]}<\/script>\n<!-- \/ Yoast SEO Premium plugin. -->","yoast_head_json":{"title":"RIO DE JANEIRO - Caminhos do peregrino","description":"Rio de Janeiro, atrativos que se destacam al\u00e9m do turismo sol e praia. Tenha uma experi\u00eancia diferente na cidade com roteiro personalizado.","robots":{"index":"index","follow":"follow","max-snippet":"max-snippet:-1","max-image-preview":"max-image-preview:large","max-video-preview":"max-video-preview:-1"},"canonical":"https:\/\/www.caminhosdoperegrino.com.br\/blog\/rio-de-janeiro\/","og_locale":"pt_BR","og_type":"article","og_title":"RIO DE JANEIRO","og_description":"Rio de Janeiro, atrativos que se destacam al\u00e9m do turismo sol e praia. Tenha uma experi\u00eancia diferente na cidade com roteiro personalizado.","og_url":"https:\/\/www.caminhosdoperegrino.com.br\/blog\/rio-de-janeiro\/","og_site_name":"Caminhos do peregrino","article_published_time":"2022-06-28T20:45:47+00:00","article_modified_time":"2023-12-26T14:35:07+00:00","og_image":[{"width":1920,"height":800,"url":"https:\/\/www.caminhosdoperegrino.com.br\/blog\/wp-content\/uploads\/2022\/06\/saida-pedagogica-rio-de-janeiro-corcovado-cristo-redentor-01-1.png","type":"image\/png"}],"author":"LIA ALVES","twitter_card":"summary_large_image","twitter_misc":{"Escrito por":"LIA ALVES","Est. tempo de leitura":"3 minutos"},"schema":{"@context":"https:\/\/schema.org","@graph":[{"@type":"Article","@id":"https:\/\/www.caminhosdoperegrino.com.br\/blog\/rio-de-janeiro\/#article","isPartOf":{"@id":"https:\/\/www.caminhosdoperegrino.com.br\/blog\/rio-de-janeiro\/"},"author":{"name":"LIA ALVES","@id":"https:\/\/www.caminhosdoperegrino.com.br\/blog\/#\/schema\/person\/eab040bb0edcbc3df458360244a10ab5"},"headline":"RIO DE JANEIRO","datePublished":"2022-06-28T20:45:47+00:00","dateModified":"2023-12-26T14:35:07+00:00","mainEntityOfPage":{"@id":"https:\/\/www.caminhosdoperegrino.com.br\/blog\/rio-de-janeiro\/"},"wordCount":898,"commentCount":0,"publisher":{"@id":"https:\/\/www.caminhosdoperegrino.com.br\/blog\/#organization"},"image":{"@id":"https:\/\/www.caminhosdoperegrino.com.br\/blog\/rio-de-janeiro\/#primaryimage"},"thumbnailUrl":"https:\/\/www.caminhosdoperegrino.com.br\/blog\/wp-content\/uploads\/2022\/06\/saida-pedagogica-rio-de-janeiro-corcovado-cristo-redentor-01-1.png","articleSection":["Experi\u00eancias","Fim de semana","Sol e Praia","Viagens Culturais"],"inLanguage":"pt-BR","potentialAction":[{"@type":"CommentAction","name":"Comment","target":["https:\/\/www.caminhosdoperegrino.com.br\/blog\/rio-de-janeiro\/#respond"]}],"copyrightYear":"2022","copyrightHolder":{"@id":"https:\/\/www.caminhosdoperegrino.com.br\/blog\/#organization"}},{"@type":"WebPage","@id":"https:\/\/www.caminhosdoperegrino.com.br\/blog\/rio-de-janeiro\/","url":"https:\/\/www.caminhosdoperegrino.com.br\/blog\/rio-de-janeiro\/","name":"RIO DE JANEIRO - Caminhos do peregrino","isPartOf":{"@id":"https:\/\/www.caminhosdoperegrino.com.br\/blog\/#website"},"primaryImageOfPage":{"@id":"https:\/\/www.caminhosdoperegrino.com.br\/blog\/rio-de-janeiro\/#primaryimage"},"image":{"@id":"https:\/\/www.caminhosdoperegrino.com.br\/blog\/rio-de-janeiro\/#primaryimage"},"thumbnailUrl":"https:\/\/www.caminhosdoperegrino.com.br\/blog\/wp-content\/uploads\/2022\/06\/saida-pedagogica-rio-de-janeiro-corcovado-cristo-redentor-01-1.png","datePublished":"2022-06-28T20:45:47+00:00","dateModified":"2023-12-26T14:35:07+00:00","description":"Rio de Janeiro, atrativos que se destacam al\u00e9m do turismo sol e praia. Tenha uma experi\u00eancia diferente na cidade com roteiro personalizado.","breadcrumb":{"@id":"https:\/\/www.caminhosdoperegrino.com.br\/blog\/rio-de-janeiro\/#breadcrumb"},"inLanguage":"pt-BR","potentialAction":[{"@type":"ReadAction","target":["https:\/\/www.caminhosdoperegrino.com.br\/blog\/rio-de-janeiro\/"]}]},{"@type":"ImageObject","inLanguage":"pt-BR","@id":"https:\/\/www.caminhosdoperegrino.com.br\/blog\/rio-de-janeiro\/#primaryimage","url":"https:\/\/www.caminhosdoperegrino.com.br\/blog\/wp-content\/uploads\/2022\/06\/saida-pedagogica-rio-de-janeiro-corcovado-cristo-redentor-01-1.png","contentUrl":"https:\/\/www.caminhosdoperegrino.com.br\/blog\/wp-content\/uploads\/2022\/06\/saida-pedagogica-rio-de-janeiro-corcovado-cristo-redentor-01-1.png","width":1920,"height":800},{"@type":"BreadcrumbList","@id":"https:\/\/www.caminhosdoperegrino.com.br\/blog\/rio-de-janeiro\/#breadcrumb","itemListElement":[{"@type":"ListItem","position":1,"name":"Home","item":"https:\/\/www.caminhosdoperegrino.com.br\/blog\/"},{"@type":"ListItem","position":2,"name":"RIO DE JANEIRO"}]},{"@type":"WebSite","@id":"https:\/\/www.caminhosdoperegrino.com.br\/blog\/#website","url":"https:\/\/www.caminhosdoperegrino.com.br\/blog\/","name":"Caminhos do peregrino","description":"turismo religioso de experi\u00eancia","publisher":{"@id":"https:\/\/www.caminhosdoperegrino.com.br\/blog\/#organization"},"potentialAction":[{"@type":"SearchAction","target":{"@type":"EntryPoint","urlTemplate":"https:\/\/www.caminhosdoperegrino.com.br\/blog\/?s={search_term_string}"},"query-input":{"@type":"PropertyValueSpecification","valueRequired":true,"valueName":"search_term_string"}}],"inLanguage":"pt-BR"},{"@type":"Organization","@id":"https:\/\/www.caminhosdoperegrino.com.br\/blog\/#organization","name":"Caminhos do peregrino","url":"https:\/\/www.caminhosdoperegrino.com.br\/blog\/","logo":{"@type":"ImageObject","inLanguage":"pt-BR","@id":"https:\/\/www.caminhosdoperegrino.com.br\/blog\/#\/schema\/logo\/image\/","url":"https:\/\/caminhosdoperegrino.com.br\/blog\/wp-content\/uploads\/2023\/12\/LOGO-VERDE.png","contentUrl":"https:\/\/caminhosdoperegrino.com.br\/blog\/wp-content\/uploads\/2023\/12\/LOGO-VERDE.png","width":1015,"height":720,"caption":"Caminhos do peregrino"},"image":{"@id":"https:\/\/www.caminhosdoperegrino.com.br\/blog\/#\/schema\/logo\/image\/"},"sameAs":["https:\/\/www.instagram.com\/caminhosdoperegrino.com.br\/"]},{"@type":"Person","@id":"https:\/\/www.caminhosdoperegrino.com.br\/blog\/#\/schema\/person\/eab040bb0edcbc3df458360244a10ab5","name":"LIA ALVES","image":{"@type":"ImageObject","inLanguage":"pt-BR","@id":"https:\/\/secure.gravatar.com\/avatar\/230149933f274eda93e8c80b00688c99f19fcc5b4ae2ae937b34b48b52341665?s=96&d=mm&r=g","url":"https:\/\/secure.gravatar.com\/avatar\/230149933f274eda93e8c80b00688c99f19fcc5b4ae2ae937b34b48b52341665?s=96&d=mm&r=g","contentUrl":"https:\/\/secure.gravatar.com\/avatar\/230149933f274eda93e8c80b00688c99f19fcc5b4ae2ae937b34b48b52341665?s=96&d=mm&r=g","caption":"LIA ALVES"},"description":"Lia Alves \u00e9 formada em Administra\u00e7\u00e3o em Turismo pela PUC-Goi\u00e1s e MBA em Turismo: planejamento, gest\u00e3o e marketing pela Universidade Cat\u00f3lica de Bras\u00edlia. Ela \u00e9 apaixonada por viagens e cultura, e decidiu transformar sua experi\u00eancia pessoal em um neg\u00f3cio de sucesso. A Caminhos do Peregrino surgiu com o sonho de oferecer aos seus clientes uma experi\u00eancia \u00fanica, que envolve conhecer os principais pontos tur\u00edsticos de uma cidade, participar de atividades religiosas e culturais, e fortalecer a f\u00e9 crist\u00e3. A miss\u00e3o da Caminhos do Peregrino \u00e9 proporcionar aos seus clientes uma mem\u00f3ria afetiva que transcenda o tempo e o espa\u00e7o. Se voc\u00ea quiser saber mais sobre ela ou sobre a Caminhos do Peregrino, voc\u00ea pode visitar o site oficial da empresa ou seguir as redes sociais dela.","url":"https:\/\/www.caminhosdoperegrino.com.br\/blog\/author\/lia\/"}]}},"amp_enabled":true,"_links":{"self":[{"href":"https:\/\/www.caminhosdoperegrino.com.br\/blog\/wp-json\/wp\/v2\/posts\/3075","targetHints":{"allow":["GET"]}}],"collection":[{"href":"https:\/\/www.caminhosdoperegrino.com.br\/blog\/wp-json\/wp\/v2\/posts"}],"about":[{"href":"https:\/\/www.caminhosdoperegrino.com.br\/blog\/wp-json\/wp\/v2\/types\/post"}],"author":[{"embeddable":true,"href":"https:\/\/www.caminhosdoperegrino.com.br\/blog\/wp-json\/wp\/v2\/users\/40"}],"replies":[{"embeddable":true,"href":"https:\/\/www.caminhosdoperegrino.com.br\/blog\/wp-json\/wp\/v2\/comments?post=3075"}],"version-history":[{"count":14,"href":"https:\/\/www.caminhosdoperegrino.com.br\/blog\/wp-json\/wp\/v2\/posts\/3075\/revisions"}],"predecessor-version":[{"id":3286,"href":"https:\/\/www.caminhosdoperegrino.com.br\/blog\/wp-json\/wp\/v2\/posts\/3075\/revisions\/3286"}],"wp:featuredmedia":[{"embeddable":true,"href":"https:\/\/www.caminhosdoperegrino.com.br\/blog\/wp-json\/wp\/v2\/media\/3228"}],"wp:attachment":[{"href":"https:\/\/www.caminhosdoperegrino.com.br\/blog\/wp-json\/wp\/v2\/media?parent=3075"}],"wp:term":[{"taxonomy":"category","embeddable":true,"href":"https:\/\/www.caminhosdoperegrino.com.br\/blog\/wp-json\/wp\/v2\/categories?post=3075"},{"taxonomy":"post_tag","embeddable":true,"href":"https:\/\/www.caminhosdoperegrino.com.br\/blog\/wp-json\/wp\/v2\/tags?post=3075"}],"curies":[{"name":"wp","href":"https:\/\/api.w.org\/{rel}","templated":true}]}}